{"id":36527,"date":"2020-07-06T08:00:40","date_gmt":"2020-07-06T13:00:40","guid":{"rendered":"http:\/\/revistazetta.com\/?p=36527"},"modified":"2020-07-06T08:03:08","modified_gmt":"2020-07-06T13:03:08","slug":"acualco-adquiere-planta-electrica-para-garantizar-acueducto-a-turbaco-y-arjona","status":"publish","type":"post","link":"https:\/\/revistazetta.com\/?p=36527","title":{"rendered":"Acualco adquiere planta el\u00e9ctrica para garantizar acueducto a Turbaco y Arjona"},"content":{"rendered":"<p>Con el fin de evitar la suspensi\u00f3n del servicio de agua cada vez que se presentan fallas de energ\u00eda por parte de Electricaribe, la empresa Acualco S.A. ESP adquiri\u00f3 una planta electrica que garantizar\u00e1 la permanencia del preciado l\u00edquido, a\u00fan cuando hayan suspensiones de energ\u00eda en Turbaco y Arjona.<\/p>\n<p>La planta tiene una potencia de 350 kilovatios, voltaje 440\/220 voltios y garantiza la atenci\u00f3n total del proceso mientras no haya servicio de energ\u00eda.<\/p>\n<p>Seg\u00fan Arnold Alvarez, gerente de Acualco, con esta planta es m\u00e1s f\u00e1cil avanzar con la estabilizaci\u00f3n del servicio y cumplirle a los usuarios de las poblaciones se\u00f1aladas.<\/p>\n<p>Recordemos que desde hace varios a\u00f1os, Acualco S.A. ESP se ha visto perjudicado por los constantes cortes de energ\u00eda por el mal servicio prestado por Electricaribe por ende las comunidades de Turbaco Y Arjona se han visto afectadas y se ha evidenciado a la comunidad, autoridades municipales y organismos de vigilancia y control de los servicios p\u00fablicos domiciliarios, las enormes dificultades para mantener el normal suministro del preciado l\u00edquido. Raz\u00f3n por la cual la empresa hace esta inversi\u00f3n y prioriza las necesidades de la comunidad.<\/p>\n<p>Las suspensiones de la energ\u00eda se volvieron comunes en Turbaco y Arjona, lo que genera interrupciones en la prestaci\u00f3n del servicio de acueducto.<\/p>\n","protected":false},"excerpt":{"rendered":"<p>Con el fin de evitar la suspensi\u00f3n del servicio de agua cada vez que se presentan fallas de energ\u00eda por parte de Electricaribe, la empresa Acualco S.A. ESP adquiri\u00f3 una planta electrica que garantizar\u00e1 la permanencia del preciado l\u00edquido, a\u00fan cuando hayan suspensiones de energ\u00eda en Turbaco y Arjona. La planta tiene una potencia de 350 kilovatios, voltaje 440\/220 voltios y garantiza la atenci\u00f3n total del proceso mientras no haya servicio de energ\u00eda. Seg\u00fan Arnold Alvarez, gerente de Acualco, con esta planta es m\u00e1s f\u00e1cil avanzar con la estabilizaci\u00f3n del&#8230; <\/p>\n","protected":false},"author":3,"featured_media":36528,"comment_status":"closed","ping_status":"closed","sticky":false,"template":"","format":"standard","meta":{"footnotes":"","_links_to":"","_links_to_target":""},"categories":[83,80],"tags":[305,300],"class_list":["post-36527","post","type-post","status-publish","format-standard","has-post-thumbnail","hentry","category-municipios","category-region","tag-municipios","tag-region"],"_links":{"self":[{"href":"https:\/\/revistazetta.com\/index.php?rest_route=\/wp\/v2\/posts\/36527","targetHints":{"allow":["GET"]}}],"collection":[{"href":"https:\/\/revistazetta.com\/index.php?rest_route=\/wp\/v2\/posts"}],"about":[{"href":"https:\/\/revistazetta.com\/index.php?rest_route=\/wp\/v2\/types\/post"}],"author":[{"embeddable":true,"href":"https:\/\/revistazetta.com\/index.php?rest_route=\/wp\/v2\/users\/3"}],"replies":[{"embeddable":true,"href":"https:\/\/revistazetta.com\/index.php?rest_route=%2Fwp%2Fv2%2Fcomments&post=36527"}],"version-history":[{"count":0,"href":"https:\/\/revistazetta.com\/index.php?rest_route=\/wp\/v2\/posts\/36527\/revisions"}],"wp:featuredmedia":[{"embeddable":true,"href":"https:\/\/revistazetta.com\/index.php?rest_route=\/wp\/v2\/media\/36528"}],"wp:attachment":[{"href":"https:\/\/revistazetta.com\/index.php?rest_route=%2Fwp%2Fv2%2Fmedia&parent=36527"}],"wp:term":[{"taxonomy":"category","embeddable":true,"href":"https:\/\/revistazetta.com\/index.php?rest_route=%2Fwp%2Fv2%2Fcategories&post=36527"},{"taxonomy":"post_tag","embeddable":true,"href":"https:\/\/revistazetta.com\/index.php?rest_route=%2Fwp%2Fv2%2Ftags&post=36527"}],"curies":[{"name":"wp","href":"https:\/\/api.w.org\/{rel}","templated":true}]}}