{"id":3655,"date":"2014-11-10T18:55:43","date_gmt":"2014-11-10T23:55:43","guid":{"rendered":"http:\/\/www.revistazetta.com\/?p=3655"},"modified":"2014-11-10T20:28:07","modified_gmt":"2014-11-11T01:28:07","slug":"concejo-exalto-memoria-de-hugo-sabor-alandete","status":"publish","type":"post","link":"https:\/\/revistazetta.com\/?p=3655","title":{"rendered":"Concejo exalt\u00f3 memoria de Hugo \u201cSabor\u201d Alandete"},"content":{"rendered":"<p><span style=\"line-height: 1.5em;\">Un emotivo homenaje se rindi\u00f3 en el Concejo Distrital de Cartagena a la memoria y legado del cantante y compositor cartagenero Hugo \u201cSabor\u201d Alandete, fallecido recientemente a la edad de 72 a\u00f1os.<\/span><\/p>\n<p>Mediante la Resoluci\u00f3n No.153 de 2014 se le exalt\u00f3 de manera p\u00f3stuma\u00a0 con la Orden Civil al Merito Cartagena Patrimonio Hist\u00f3rico y de la Humanidad, en el grado de Comendador; sus familiares recibieron la condecoraci\u00f3n y se present\u00f3 un video del desaparecido personaje.<\/p>\n<p>En la misma ceremonia fueron homenajeados por el Concejo Distrital varias personas y entidades:<\/p>\n<p>La nutricionista y dietista Josefa Marina Barros De La Hoz; el \u00a0m\u00e9dico cardi\u00f3logo Emilio Juan Bechara; el empresario Ricardo Mayorga G\u00f3mez; el ingeniero Fernando Alberto Guzm\u00e1n P\u00e1jaro; el ingeniero y docente universitario Rafael P\u00e9rez Carmona; la Corporaci\u00f3n Internacional De Educaci\u00f3n Integral Elyon Yireh, y el vicealmirante Guillermo Uribe Pel\u00e1ez.<\/p>\n<p><a href=\"https:\/\/www.revistazetta.com\/wp-content\/uploads\/2014\/11\/Concec-1.jpg\"><img loading=\"lazy\" decoding=\"async\" class=\"size-medium wp-image-3672 aligncenter\" alt=\"Concec 1\" src=\"https:\/\/www.revistazetta.com\/wp-content\/uploads\/2014\/11\/Concec-1-300x187.jpg\" width=\"300\" height=\"187\" srcset=\"https:\/\/revistazetta.com\/wp-content\/uploads\/2014\/11\/Concec-1-300x187.jpg 300w, https:\/\/revistazetta.com\/wp-content\/uploads\/2014\/11\/Concec-1.jpg 576w\" sizes=\"auto, (max-width: 300px) 100vw, 300px\" \/><\/a><\/p>\n","protected":false},"excerpt":{"rendered":"<p>Un emotivo homenaje se rindi\u00f3 en el Concejo Distrital de Cartagena a la memoria y legado del cantante y compositor cartagenero Hugo \u201cSabor\u201d Alandete, fallecido recientemente a la edad de 72 a\u00f1os. Mediante la Resoluci\u00f3n No.153 de 2014 se le exalt\u00f3 de manera p\u00f3stuma\u00a0 con la Orden Civil al Merito Cartagena Patrimonio Hist\u00f3rico y de la Humanidad, en el grado de Comendador; sus familiares recibieron la condecoraci\u00f3n y se present\u00f3 un video del desaparecido personaje. En la misma ceremonia fueron homenajeados por el Concejo Distrital varias personas y entidades: La&#8230; <\/p>\n","protected":false},"author":3,"featured_media":3656,"comment_status":"closed","ping_status":"closed","sticky":false,"template":"","format":"standard","meta":{"footnotes":"","_links_to":"","_links_to_target":""},"categories":[41],"tags":[],"class_list":["post-3655","post","type-post","status-publish","format-standard","has-post-thumbnail","hentry","category-cultura"],"_links":{"self":[{"href":"https:\/\/revistazetta.com\/index.php?rest_route=\/wp\/v2\/posts\/3655","targetHints":{"allow":["GET"]}}],"collection":[{"href":"https:\/\/revistazetta.com\/index.php?rest_route=\/wp\/v2\/posts"}],"about":[{"href":"https:\/\/revistazetta.com\/index.php?rest_route=\/wp\/v2\/types\/post"}],"author":[{"embeddable":true,"href":"https:\/\/revistazetta.com\/index.php?rest_route=\/wp\/v2\/users\/3"}],"replies":[{"embeddable":true,"href":"https:\/\/revistazetta.com\/index.php?rest_route=%2Fwp%2Fv2%2Fcomments&post=3655"}],"version-history":[{"count":0,"href":"https:\/\/revistazetta.com\/index.php?rest_route=\/wp\/v2\/posts\/3655\/revisions"}],"wp:featuredmedia":[{"embeddable":true,"href":"https:\/\/revistazetta.com\/index.php?rest_route=\/wp\/v2\/media\/3656"}],"wp:attachment":[{"href":"https:\/\/revistazetta.com\/index.php?rest_route=%2Fwp%2Fv2%2Fmedia&parent=3655"}],"wp:term":[{"taxonomy":"category","embeddable":true,"href":"https:\/\/revistazetta.com\/index.php?rest_route=%2Fwp%2Fv2%2Fcategories&post=3655"},{"taxonomy":"post_tag","embeddable":true,"href":"https:\/\/revistazetta.com\/index.php?rest_route=%2Fwp%2Fv2%2Ftags&post=3655"}],"curies":[{"name":"wp","href":"https:\/\/api.w.org\/{rel}","templated":true}]}}