{"id":36638,"date":"2020-07-13T10:04:38","date_gmt":"2020-07-13T15:04:38","guid":{"rendered":"http:\/\/revistazetta.com\/?p=36638"},"modified":"2020-07-13T10:04:38","modified_gmt":"2020-07-13T15:04:38","slug":"alcalde-de-magangue-alerta-sobre-riesgo-en-ribera-del-cauca","status":"publish","type":"post","link":"https:\/\/revistazetta.com\/?p=36638","title":{"rendered":"Alcalde de Magangu\u00e9 alerta sobre riesgo en ribera del Cauca"},"content":{"rendered":"<p>Cerca de 20 familias en el corregimiento de Santa Pabla, jurisdicci\u00f3n de Magangu\u00e9, en la zona ribere\u00f1a, se encuentran en riesgo por una erosi\u00f3n que ha generado el caudal del r\u00edo Cauca a orillas de esta poblaci\u00f3n. Son aproximadamente cinco metros de distancia entre el Jarill\u00f3n y las viviendas que estar\u00edan afectadas.<\/p>\n<p><img loading=\"lazy\" decoding=\"async\" class=\"size-medium wp-image-36642 aligncenter\" src=\"https:\/\/revistazetta.com\/wp-content\/uploads\/2020\/07\/WhatsApp-Image-2020-07-13-at-8.33.45-AM-400x320.jpeg\" alt=\"\" width=\"400\" height=\"320\" srcset=\"https:\/\/revistazetta.com\/wp-content\/uploads\/2020\/07\/WhatsApp-Image-2020-07-13-at-8.33.45-AM-400x320.jpeg 400w, https:\/\/revistazetta.com\/wp-content\/uploads\/2020\/07\/WhatsApp-Image-2020-07-13-at-8.33.45-AM.jpeg 800w\" sizes=\"auto, (max-width: 400px) 100vw, 400px\" \/><\/p>\n<p>En una reciente visita a esta zona del municipio, el alcalde Carlos Cabrales Isaac verific\u00f3 el actual estado de la emergencia, por lo que hizo un en\u00e9rgico llamado al gobierno nacional y departamental para para que act\u00faen frente a esta problem\u00e1tica.<\/p>\n<p>\u201cHago un llamado al gobierno nacional, a la Unidad Nacional de Gesti\u00f3n del Riesgo para que nos apoyen reubicando a las viviendas de este sector y evitar el riesgo de inundaci\u00f3n en esta zona de Magangu\u00e9. Hago un llamado al gobernador de Bol\u00edvar para que nos apoye y poder intervenir juntos este sector del r\u00edo y evitar una tragedia m\u00e1s adelante\u201d, indic\u00f3 Cabrales Isaac.<\/p>\n<p><img loading=\"lazy\" decoding=\"async\" class=\"size-medium wp-image-36640 aligncenter\" src=\"https:\/\/revistazetta.com\/wp-content\/uploads\/2020\/07\/WhatsApp-Image-2020-07-13-at-8.33.40-AM-400x320.jpeg\" alt=\"\" width=\"400\" height=\"320\" srcset=\"https:\/\/revistazetta.com\/wp-content\/uploads\/2020\/07\/WhatsApp-Image-2020-07-13-at-8.33.40-AM-400x320.jpeg 400w, https:\/\/revistazetta.com\/wp-content\/uploads\/2020\/07\/WhatsApp-Image-2020-07-13-at-8.33.40-AM.jpeg 800w\" sizes=\"auto, (max-width: 400px) 100vw, 400px\" \/><\/p>\n<p>El primer mandatario tambi\u00e9n pudo verificar que el proyecto de contenci\u00f3n de inundaciones entre los corregimientos de Santa M\u00f3nica y Santa Pabla, cumpliera con todos los requisitos. \u201cHemos hecho trabajos de mitigaci\u00f3n para evitar la inundaci\u00f3n de m\u00e1s de 7 corregimientos de esta zona, por eso se hizo trabajo de reforzamiento y Jarill\u00f3n nuevo, ya que con la ola de sequ\u00eda se agrietaron los jarillones\u201d, precis\u00f3 el alcalde.<\/p>\n<p>El proyecto que est\u00e1 cien por ciento terminado, tiene una corona de 2.80 metros de alto y cuenta con 580 metros de distancia con lo que se espera mitigar las inundaciones en estas poblaciones.<\/p>\n<p>&nbsp;<\/p>\n<p><img loading=\"lazy\" decoding=\"async\" class=\"size-medium wp-image-36641 aligncenter\" src=\"https:\/\/revistazetta.com\/wp-content\/uploads\/2020\/07\/WhatsApp-Image-2020-07-13-at-8.33.41-AM-320x400.jpeg\" alt=\"\" width=\"320\" height=\"400\" srcset=\"https:\/\/revistazetta.com\/wp-content\/uploads\/2020\/07\/WhatsApp-Image-2020-07-13-at-8.33.41-AM-320x400.jpeg 320w, https:\/\/revistazetta.com\/wp-content\/uploads\/2020\/07\/WhatsApp-Image-2020-07-13-at-8.33.41-AM.jpeg 640w\" sizes=\"auto, (max-width: 320px) 100vw, 320px\" \/><\/p>\n<p>&nbsp;<\/p>\n<p><img loading=\"lazy\" decoding=\"async\" class=\"aligncenter wp-image-36643 size-full\" src=\"https:\/\/revistazetta.com\/wp-content\/uploads\/2020\/07\/WhatsApp-Image-2020-07-13-at-8.38.51-AM.jpeg\" alt=\"\" width=\"1024\" height=\"640\" srcset=\"https:\/\/revistazetta.com\/wp-content\/uploads\/2020\/07\/WhatsApp-Image-2020-07-13-at-8.38.51-AM.jpeg 1024w, https:\/\/revistazetta.com\/wp-content\/uploads\/2020\/07\/WhatsApp-Image-2020-07-13-at-8.38.51-AM-400x250.jpeg 400w\" sizes=\"auto, (max-width: 1024px) 100vw, 1024px\" \/><\/p>\n","protected":false},"excerpt":{"rendered":"<p>Cerca de 20 familias en el corregimiento de Santa Pabla, jurisdicci\u00f3n de Magangu\u00e9, en la zona ribere\u00f1a, se encuentran en riesgo por una erosi\u00f3n que ha generado el caudal del r\u00edo Cauca a orillas de esta poblaci\u00f3n. Son aproximadamente cinco metros de distancia entre el Jarill\u00f3n y las viviendas que estar\u00edan afectadas. En una reciente visita a esta zona del municipio, el alcalde Carlos Cabrales Isaac verific\u00f3 el actual estado de la emergencia, por lo que hizo un en\u00e9rgico llamado al gobierno nacional y departamental para para que act\u00faen frente&#8230; <\/p>\n","protected":false},"author":3,"featured_media":36639,"comment_status":"closed","ping_status":"closed","sticky":false,"template":"","format":"standard","meta":{"footnotes":"","_links_to":"","_links_to_target":""},"categories":[83,80],"tags":[305,300],"class_list":["post-36638","post","type-post","status-publish","format-standard","has-post-thumbnail","hentry","category-municipios","category-region","tag-municipios","tag-region"],"_links":{"self":[{"href":"https:\/\/revistazetta.com\/index.php?rest_route=\/wp\/v2\/posts\/36638","targetHints":{"allow":["GET"]}}],"collection":[{"href":"https:\/\/revistazetta.com\/index.php?rest_route=\/wp\/v2\/posts"}],"about":[{"href":"https:\/\/revistazetta.com\/index.php?rest_route=\/wp\/v2\/types\/post"}],"author":[{"embeddable":true,"href":"https:\/\/revistazetta.com\/index.php?rest_route=\/wp\/v2\/users\/3"}],"replies":[{"embeddable":true,"href":"https:\/\/revistazetta.com\/index.php?rest_route=%2Fwp%2Fv2%2Fcomments&post=36638"}],"version-history":[{"count":0,"href":"https:\/\/revistazetta.com\/index.php?rest_route=\/wp\/v2\/posts\/36638\/revisions"}],"wp:featuredmedia":[{"embeddable":true,"href":"https:\/\/revistazetta.com\/index.php?rest_route=\/wp\/v2\/media\/36639"}],"wp:attachment":[{"href":"https:\/\/revistazetta.com\/index.php?rest_route=%2Fwp%2Fv2%2Fmedia&parent=36638"}],"wp:term":[{"taxonomy":"category","embeddable":true,"href":"https:\/\/revistazetta.com\/index.php?rest_route=%2Fwp%2Fv2%2Fcategories&post=36638"},{"taxonomy":"post_tag","embeddable":true,"href":"https:\/\/revistazetta.com\/index.php?rest_route=%2Fwp%2Fv2%2Ftags&post=36638"}],"curies":[{"name":"wp","href":"https:\/\/api.w.org\/{rel}","templated":true}]}}