{"id":36650,"date":"2020-07-14T07:47:10","date_gmt":"2020-07-14T12:47:10","guid":{"rendered":"http:\/\/revistazetta.com\/?p=36650"},"modified":"2020-07-14T07:47:10","modified_gmt":"2020-07-14T12:47:10","slug":"el-29-festival-nacional-autoctono-de-gaitas-de-san-jacinto-sera-virtual","status":"publish","type":"post","link":"https:\/\/revistazetta.com\/?p=36650","title":{"rendered":"El 29\u00b0 Festival Nacional Aut\u00f3ctono de Gaitas de San Jacinto ser\u00e1 virtual"},"content":{"rendered":"<blockquote><p><strong><em>El encuentro cultural se realizar\u00e1 a trav\u00e9s de las plataformas digitales y redes sociales del 14 al 16 de agosto de 2020<\/em>\u00a0.<\/strong><\/p><\/blockquote>\n<p>Desde que naci\u00f3\u00a0el\u00a0<strong>Festival Nacional Aut\u00f3ctono de Gaitas de San Jacinto<\/strong>\u00a0<em>\u201cTo\u00f1o Fern\u00e1ndez, Nolasco Mej\u00eda y Ma\u00f1e Mendoza\u201d <\/em>ha logrado ganar un espacio importante en el coraz\u00f3n de quienes cada agosto se re\u00fanen en el centro de los Montes de Mar\u00eda para apreciar la Gaita, el folclor y las tradiciones de la regi\u00f3n.<\/p>\n<p>Este 2020 inici\u00f3 con grandes retos y en medio de la Pandemia por el Covid-19, nuestro reto es la circulaci\u00f3n del conocimiento, la m\u00fasica y las expresiones tradicionales por medio de tecnolog\u00eda.<\/p>\n<p>Por eso llega el 29\u00b0 del Festival Nacional Aut\u00f3ctono de Gaitas, <strong>Versi\u00f3n Virtual<\/strong>, que se realizar\u00e1 en San Jacinto, Bol\u00edvar del 14 al 16 de agosto de 2020.<\/p>\n<p>Habilitamos las redes sociales de nuestra organizaci\u00f3n, para llevarles a trav\u00e9s de trasmisiones en vivo y en directo, cada uno de los grupos participantes que previamente enviaron su material audiovisual para ser presentado a los espectadores virtuales en el mundo.<\/p>\n<p>Las categor\u00edas que participan este a\u00f1o son: Gaita Profesional, Gaita Aficionado, Parejas Bailadoras, Encuentro de Decimeros.<\/p>\n<p>Para esta versi\u00f3n, cada grupo o participante nos enviar\u00e1 sus presentaciones por medio de un registro que video, que ser\u00e1 calificado por jurados tanto en el cocimiento, como en la interpretaci\u00f3n de la gaita.<\/p>\n<p>Hicimos modificaciones al reglamento para que los que grupos participantes puedan enviar sus presentaciones bajo los protocolos de bioseguridad, tendr\u00e1n hasta el 20 de julio de 2020 para inscribirse en el siguiente enlace<\/p>\n<p><a href=\"https:\/\/drive.google.com\/drive\/folders\/1LOQKeOQgzGA5HMD4o6Bu-k3DlVQe_Ice?fbclid=IwAR3GvkCQ6k-4uY2qyp_qYXOAvijAx5Gv7zS3aZO2CzQQP7E6xIwlHYiNwuQ\" data-saferedirecturl=\"https:\/\/www.google.com\/url?q=https:\/\/drive.google.com\/drive\/folders\/1LOQKeOQgzGA5HMD4o6Bu-k3DlVQe_Ice?fbclid%3DIwAR3GvkCQ6k-4uY2qyp_qYXOAvijAx5Gv7zS3aZO2CzQQP7E6xIwlHYiNwuQ&amp;source=gmail&amp;ust=1594770613452000&amp;usg=AFQjCNEziuxyxo4X23WhzxSpussXlvw11Q\" target=\"_blank\" rel=\"noopener\">https:\/\/drive.google.com\/drive\/folders\/1LOQKeOQgzGA5HMD4o6Bu-k3DlVQe_Ice?fbclid=IwAR3GvkCQ6k-4uY2qyp_qYXOAvijAx5Gv7zS3aZO2CzQQP7E6xIwlHYiNwuQ<\/a><\/p>\n<p>o pedir los formularios al correo : <a href=\"mailto:corfoarte@gmail.com\">corfoarte@gmail.com<\/a><\/p>\n<p>Pueden consultar el instructivo de inscripci\u00f3n y te invitamos a seguir este encuentro cultural, a trav\u00e9s de las redes sociales del <strong>Festival Nacional Aut\u00f3ctono de Gaitas <\/strong>y de <strong>CorfoArte San Jacinto.<\/strong><\/p>\n<p>Este encuentro cultural es un evento que cuenta con el apoyo del Ministerio de Cultura, Gobernaci\u00f3n de Bol\u00edvar, Icultur, Alcald\u00eda de San Jacinto y CorfoArte.<\/p>\n","protected":false},"excerpt":{"rendered":"<p>El encuentro cultural se realizar\u00e1 a trav\u00e9s de las plataformas digitales y redes sociales del 14 al 16 de agosto de 2020\u00a0. Desde que naci\u00f3\u00a0el\u00a0Festival Nacional Aut\u00f3ctono de Gaitas de San Jacinto\u00a0\u201cTo\u00f1o Fern\u00e1ndez, Nolasco Mej\u00eda y Ma\u00f1e Mendoza\u201d ha logrado ganar un espacio importante en el coraz\u00f3n de quienes cada agosto se re\u00fanen en el centro de los Montes de Mar\u00eda para apreciar la Gaita, el folclor y las tradiciones de la regi\u00f3n. Este 2020 inici\u00f3 con grandes retos y en medio de la Pandemia por el Covid-19, nuestro reto&#8230; <\/p>\n","protected":false},"author":3,"featured_media":36651,"comment_status":"closed","ping_status":"closed","sticky":false,"template":"","format":"standard","meta":{"footnotes":"","_links_to":"","_links_to_target":""},"categories":[41,43],"tags":[290,304],"class_list":["post-36650","post","type-post","status-publish","format-standard","has-post-thumbnail","hentry","category-cultura","category-cultura-musica","tag-cultura","tag-musica"],"_links":{"self":[{"href":"https:\/\/revistazetta.com\/index.php?rest_route=\/wp\/v2\/posts\/36650","targetHints":{"allow":["GET"]}}],"collection":[{"href":"https:\/\/revistazetta.com\/index.php?rest_route=\/wp\/v2\/posts"}],"about":[{"href":"https:\/\/revistazetta.com\/index.php?rest_route=\/wp\/v2\/types\/post"}],"author":[{"embeddable":true,"href":"https:\/\/revistazetta.com\/index.php?rest_route=\/wp\/v2\/users\/3"}],"replies":[{"embeddable":true,"href":"https:\/\/revistazetta.com\/index.php?rest_route=%2Fwp%2Fv2%2Fcomments&post=36650"}],"version-history":[{"count":0,"href":"https:\/\/revistazetta.com\/index.php?rest_route=\/wp\/v2\/posts\/36650\/revisions"}],"wp:featuredmedia":[{"embeddable":true,"href":"https:\/\/revistazetta.com\/index.php?rest_route=\/wp\/v2\/media\/36651"}],"wp:attachment":[{"href":"https:\/\/revistazetta.com\/index.php?rest_route=%2Fwp%2Fv2%2Fmedia&parent=36650"}],"wp:term":[{"taxonomy":"category","embeddable":true,"href":"https:\/\/revistazetta.com\/index.php?rest_route=%2Fwp%2Fv2%2Fcategories&post=36650"},{"taxonomy":"post_tag","embeddable":true,"href":"https:\/\/revistazetta.com\/index.php?rest_route=%2Fwp%2Fv2%2Ftags&post=36650"}],"curies":[{"name":"wp","href":"https:\/\/api.w.org\/{rel}","templated":true}]}}