{"id":36849,"date":"2020-07-28T08:48:15","date_gmt":"2020-07-28T13:48:15","guid":{"rendered":"http:\/\/revistazetta.com\/?p=36849"},"modified":"2020-07-28T08:48:39","modified_gmt":"2020-07-28T13:48:39","slug":"36849","status":"publish","type":"post","link":"https:\/\/revistazetta.com\/?p=36849","title":{"rendered":"Regulaci\u00f3n del plomo se convierte en ley de la Rep\u00fablica"},"content":{"rendered":"<p>En una ceremonia virtual, el presidente Iv\u00e1n Duque sancion\u00f3 en la tarde de este lunes la ley que regula el plomo a nivel nacional y garantiza el desarrollo f\u00edsico e intelectual de los ni\u00f1os en un ambiente sin este elemento.<\/p>\n<p>En el evento, que cont\u00f3 con la presencia del ministro de Medio Ambiente, Ricardo Jos\u00e9 Lozano, el ministro de Salud, Fernando Ruiz, el ministro de Comercio Jos\u00e9 Manuel Restrepo, entre otros altos funcionarios de Gobierno, y la senadora Nadia Blel, autora de la hoy ley de la Rep\u00fablica, el presidente Duque resalt\u00f3 la trascendencia de esta ley para la protecci\u00f3n ambiental relacionada con la ni\u00f1ez colombiana.<\/p>\n<p>\u201cAcompa\u00f1ando este proyecto, conducimos a un ambiente que limite el uso del plomo y que esa limitaci\u00f3n creciente vaya orientada a la protecci\u00f3n de la ni\u00f1ez. Con esta sanci\u00f3n, le estamos respondiendo a un pa\u00eds joven que quiere ver una evoluci\u00f3n m\u00e1s positiva en la protecci\u00f3n del entorno\u201d, asegur\u00f3 el Presidente de la Rep\u00fablica.<\/p>\n<p>Por su parte, la senadora Nadia Blel agradeci\u00f3 al presidente Iv\u00e1n Duque su respaldo a esta ley y destac\u00f3 su compromiso con la salud de los colombianos, especialmente de los ni\u00f1os, ni\u00f1as y adolescentes.<\/p>\n<p>\u201cDesde este momento nuestros ni\u00f1os podr\u00e1n vivir sin temor a que sus juguetes, colores, las pinturas de sus casas se conviertan en una amenaza para su salud. Al presidente Iv\u00e1n Duque nuestro reconocimiento y agradecimiento. Gracias por su liderazgo en materia ambiental y su apoyo en el impulso de normas que nos dan las herramientas para garantizar la protecci\u00f3n del entorno natural y la salud p\u00fablica de los colombianos\u201d, afirm\u00f3 la senadora Blel.<\/p>\n<p>Con la promulgaci\u00f3n de la ley, a partir de hoy se proh\u00edbe en todo el territorio nacional el uso, fabricaci\u00f3n, importaci\u00f3n o comercializaci\u00f3n de art\u00edculos que contengan plomo y excedan de los 99 ppm (0.009%) especialmente en elementos de uso directo o cotidiano por los ni\u00f1os.<\/p>\n<p>La normativa tambi\u00e9n establece la elaboraci\u00f3n de pruebas de sangre en los ni\u00f1os para determinar su nivel de exposici\u00f3n a este qu\u00edmico y los roles que debe asumir el Estado frente a su tratamiento,<\/p>\n<p>Asimismo, el Gobierno Nacional, en cabeza del Ministerio del Medio Ambiente, tendr\u00e1 un per\u00edodo de transici\u00f3n de un a\u00f1o para elaborar protocolos de seguimiento ambiental para que las entidades competentes supervisen a las industrias que en sus procesos incluyan plomo y sus compuestos.<\/p>\n","protected":false},"excerpt":{"rendered":"<p>En una ceremonia virtual, el presidente Iv\u00e1n Duque sancion\u00f3 en la tarde de este lunes la ley que regula el plomo a nivel nacional y garantiza el desarrollo f\u00edsico e intelectual de los ni\u00f1os en un ambiente sin este elemento. En el evento, que cont\u00f3 con la presencia del ministro de Medio Ambiente, Ricardo Jos\u00e9 Lozano, el ministro de Salud, Fernando Ruiz, el ministro de Comercio Jos\u00e9 Manuel Restrepo, entre otros altos funcionarios de Gobierno, y la senadora Nadia Blel, autora de la hoy ley de la Rep\u00fablica, el presidente&#8230; <\/p>\n","protected":false},"author":3,"featured_media":36850,"comment_status":"closed","ping_status":"closed","sticky":false,"template":"","format":"standard","meta":{"footnotes":"","_links_to":"","_links_to_target":""},"categories":[287,4],"tags":[313,298],"class_list":["post-36849","post","type-post","status-publish","format-standard","has-post-thumbnail","hentry","category-nacional","category-politica","tag-nacional","tag-politica"],"_links":{"self":[{"href":"https:\/\/revistazetta.com\/index.php?rest_route=\/wp\/v2\/posts\/36849","targetHints":{"allow":["GET"]}}],"collection":[{"href":"https:\/\/revistazetta.com\/index.php?rest_route=\/wp\/v2\/posts"}],"about":[{"href":"https:\/\/revistazetta.com\/index.php?rest_route=\/wp\/v2\/types\/post"}],"author":[{"embeddable":true,"href":"https:\/\/revistazetta.com\/index.php?rest_route=\/wp\/v2\/users\/3"}],"replies":[{"embeddable":true,"href":"https:\/\/revistazetta.com\/index.php?rest_route=%2Fwp%2Fv2%2Fcomments&post=36849"}],"version-history":[{"count":0,"href":"https:\/\/revistazetta.com\/index.php?rest_route=\/wp\/v2\/posts\/36849\/revisions"}],"wp:featuredmedia":[{"embeddable":true,"href":"https:\/\/revistazetta.com\/index.php?rest_route=\/wp\/v2\/media\/36850"}],"wp:attachment":[{"href":"https:\/\/revistazetta.com\/index.php?rest_route=%2Fwp%2Fv2%2Fmedia&parent=36849"}],"wp:term":[{"taxonomy":"category","embeddable":true,"href":"https:\/\/revistazetta.com\/index.php?rest_route=%2Fwp%2Fv2%2Fcategories&post=36849"},{"taxonomy":"post_tag","embeddable":true,"href":"https:\/\/revistazetta.com\/index.php?rest_route=%2Fwp%2Fv2%2Ftags&post=36849"}],"curies":[{"name":"wp","href":"https:\/\/api.w.org\/{rel}","templated":true}]}}