{"id":37041,"date":"2020-08-13T09:54:34","date_gmt":"2020-08-13T14:54:34","guid":{"rendered":"https:\/\/revistazetta.com\/?p=37041"},"modified":"2020-08-13T09:54:34","modified_gmt":"2020-08-13T14:54:34","slug":"beneplacito-en-camcomercio-por-anuncio-de-vuelo-piloto","status":"publish","type":"post","link":"https:\/\/revistazetta.com\/?p=37041","title":{"rendered":"Benepl\u00e1cito en CamComercio por anuncio de vuelo piloto"},"content":{"rendered":"<p>Con total agrado recibi\u00f3 la C\u00e1mara de Comercio de Cartagena el anuncio realizado por el Ministerio de Salud, con relaci\u00f3n a la posibilidad de un vuelo piloto entre Cartagena y Bogot\u00e1, con lo que se observa la determinaci\u00f3n del gobierno nacional y distrital por avanzar con grandes pasos hacia la reactivaci\u00f3n econ\u00f3mica de la ciudad, en especial en un sector tan afectado, por la coyuntura en la que nos encontramos, c\u00f3mo lo es el turismo.<\/p>\n<p>Juan Pablo V\u00e9lez Castellanos, presidente Ejecutivo de la C\u00e1mara de Comercio de Cartagena, indic\u00f3 el respaldo a ese anuncio, considerando la importancia de esa ruta a\u00e9rea para el pa\u00eds, estando convencido que cuando se d\u00e9 ser\u00e1 con la garant\u00eda de los protocolos de bioseguridad establecidos. \u201cPor eso entendemos, tambi\u00e9n a nuestro Alcalde Mayor, cuando dice que la ruta debe ser analizada debido a la situaci\u00f3n de contagios en Bogot\u00e1, que difiere de la de Cartagena, que progresivamente ha ido mejorando, esto \u00faltimo abre una puerta para explorar vuelos pilotos inclusive con otras regiones del pa\u00eds y del mundo\u201d.<\/p>\n<p>Es importante, explic\u00f3, darle tranquilidad a la ciudadan\u00eda ya que estos pilotos se deben realizar de manera responsable, implementando protocolos de bioseguridad a toda la cadena de valor del turismo, buscando garantizar un adecuado manejo de las personas y minimizando la posibilidad de que se presenten rebrotes de contagios a causa de los visitantes de otras regiones. \u201cAl visitante, por ejemplo, se le podr\u00eda pedir, al momento de su ingreso a la ciudad o desde los aeropuertos de origen, un certificado que demuestre que est\u00e1 libre de Covid-19, y as\u00ed de esta manera, buscar que nuevamente las personas prefieran a Cartagena como destino tur\u00edstico y poder recobrar, dentro de la nueva normalidad, a una ciudad viva y activa para todos\u201d, anot\u00f3.<\/p>\n<p>Agreg\u00f3 que \u201cAhora m\u00e1s que nunca debemos avanzar con la Alcald\u00eda Distrital y el Gobierno Nacional, y sumarnos al gran esfuerzo que est\u00e1n realizando para propiciar la apertura econ\u00f3mica de la ciudad y del sector tur\u00edstico, con el fin de darle nuevamente la bienvenida a estos visitantes que tanto aportan a la econom\u00eda de la regi\u00f3n. Consideramos que se deben realizar pilotos de reapertura por zonas tur\u00edsticas de la ciudad, ya que debemos presentar una oferta atractiva al turista y a su vez segura, tanto para el local como para el visitante\u201d, indic\u00f3 V\u00e9lez Castellanos.<\/p>\n<p>Para V\u00e9lez Castellanos, el transporte a\u00e9reo es un sector importante en la econom\u00eda local, pues su aporte tiene un efecto multiplicador de gran importancia en otros sectores. Por ejemplo, por cada peso en que aumente la demanda final de este sector, en consecuencia, de ser incrementada en 1,52 pesos la demanda total de bienes y servicios de toda la econom\u00eda local.<\/p>\n<p>Si se quiere reactivar el turismo, es necesario que el aeropuerto y otras actividades del transporte entren en operaci\u00f3n.<\/p>\n<p>Otros sectores como: actividades profesionales, cient\u00edficas y t\u00e9cnicas; actividades de servicios administrativos y de apoyo; almacenamiento y actividades complementarias al transporte y coquizaci\u00f3n, fabricaci\u00f3n de productos de la refinaci\u00f3n del petr\u00f3leo y actividades de mezcla de combustibles, se ven influenciados positivamente por las demandas del servicio de transporte a\u00e9reo.<\/p>\n<p>Finalmente, se\u00f1al\u00f3 que es evidente que la conectividad a\u00e9rea es esencial en aras de una reactivaci\u00f3n econ\u00f3mica en la ciudad, por su efecto dinamizador de la econom\u00eda local, lo que genera impacto positivo para el turismo, la inversi\u00f3n y los negocios.<\/p>\n","protected":false},"excerpt":{"rendered":"<p>Con total agrado recibi\u00f3 la C\u00e1mara de Comercio de Cartagena el anuncio realizado por el Ministerio de Salud, con relaci\u00f3n a la posibilidad de un vuelo piloto entre Cartagena y Bogot\u00e1, con lo que se observa la determinaci\u00f3n del gobierno nacional y distrital por avanzar con grandes pasos hacia la reactivaci\u00f3n econ\u00f3mica de la ciudad, en especial en un sector tan afectado, por la coyuntura en la que nos encontramos, c\u00f3mo lo es el turismo. Juan Pablo V\u00e9lez Castellanos, presidente Ejecutivo de la C\u00e1mara de Comercio de Cartagena, indic\u00f3 el&#8230; <\/p>\n","protected":false},"author":3,"featured_media":37042,"comment_status":"closed","ping_status":"closed","sticky":false,"template":"","format":"standard","meta":{"footnotes":"","_links_to":"","_links_to_target":""},"categories":[3,52],"tags":[292,318],"class_list":["post-37041","post","type-post","status-publish","format-standard","has-post-thumbnail","hentry","category-ciudad","category-puerto","tag-ciudad","tag-puerto"],"_links":{"self":[{"href":"https:\/\/revistazetta.com\/index.php?rest_route=\/wp\/v2\/posts\/37041","targetHints":{"allow":["GET"]}}],"collection":[{"href":"https:\/\/revistazetta.com\/index.php?rest_route=\/wp\/v2\/posts"}],"about":[{"href":"https:\/\/revistazetta.com\/index.php?rest_route=\/wp\/v2\/types\/post"}],"author":[{"embeddable":true,"href":"https:\/\/revistazetta.com\/index.php?rest_route=\/wp\/v2\/users\/3"}],"replies":[{"embeddable":true,"href":"https:\/\/revistazetta.com\/index.php?rest_route=%2Fwp%2Fv2%2Fcomments&post=37041"}],"version-history":[{"count":0,"href":"https:\/\/revistazetta.com\/index.php?rest_route=\/wp\/v2\/posts\/37041\/revisions"}],"wp:featuredmedia":[{"embeddable":true,"href":"https:\/\/revistazetta.com\/index.php?rest_route=\/wp\/v2\/media\/37042"}],"wp:attachment":[{"href":"https:\/\/revistazetta.com\/index.php?rest_route=%2Fwp%2Fv2%2Fmedia&parent=37041"}],"wp:term":[{"taxonomy":"category","embeddable":true,"href":"https:\/\/revistazetta.com\/index.php?rest_route=%2Fwp%2Fv2%2Fcategories&post=37041"},{"taxonomy":"post_tag","embeddable":true,"href":"https:\/\/revistazetta.com\/index.php?rest_route=%2Fwp%2Fv2%2Ftags&post=37041"}],"curies":[{"name":"wp","href":"https:\/\/api.w.org\/{rel}","templated":true}]}}