{"id":37100,"date":"2020-08-16T11:35:14","date_gmt":"2020-08-16T16:35:14","guid":{"rendered":"https:\/\/revistazetta.com\/?p=37100"},"modified":"2020-08-16T11:35:14","modified_gmt":"2020-08-16T16:35:14","slug":"el-fondo-que-no-tiene-ideologia-si-tiene-proposito-opinion-de-fenando-n-araujo","status":"publish","type":"post","link":"https:\/\/revistazetta.com\/?p=37100","title":{"rendered":"El Fondo, que no tiene ideolog\u00eda, s\u00ed tiene prop\u00f3sito &#8211; Opini\u00f3n de Fenando N. Ara\u00fajo"},"content":{"rendered":"<p><span style=\"color: #000080;\"><strong>Por Fernando Nicol\u00e1s Ara\u00fajo (Especial para Revista Zetta 20 a\u00f1os)<\/strong><\/span> <em><span style=\"color: #800000;\">(Respuesta a la columna de \u00c1lvaro Royo \u00abLa jugada chavista del senador Fernando Ara\u00fajo con Cartagena\u00a0<a style=\"color: #800000;\" href=\"https:\/\/revistazetta.com\/?p=37093\">https:\/\/revistazetta.com\/?p=37093<\/a>).-<\/span><\/em> \u00a0Cartagena, que ha tenido un extraordinario desempe\u00f1o econ\u00f3mico hasta la llegada de la pandemia, sigue siendo la ciudad colombiana de m\u00e1s de un mill\u00f3n de habitantes con peor \u00edndice de pobreza extrema. Debemos acelerar. A diferencia de Ch\u00e1vez, soy firme creyente que el crecimiento econ\u00f3mico, cimentado en la iniciativa privada, es fundamental para superar la miseria, pero no es suficiente.<\/p>\n<p>Califican la iniciativa del &#8216;Fondo pro Cartagena 500 a\u00f1os&#8217; como \u00abchavista\u00bb. Sin embargo, el modelo que implement\u00f3 el socialismo del siglo XXI, reproduce la pobreza al eliminar la iniciativa privada de la cual este fondo se nutre.<\/p>\n<p>La suspicacia no ser\u00e1 obst\u00e1culo para que sigamos trabajando en un anhelo com\u00fan. La ley 2038 de 2020, que crea el fondo para la superaci\u00f3n de la miseria en Cartagena, es un paso para trabajar en ese noble prop\u00f3sito, pero sin duda persisten retos inmensos para dar una soluci\u00f3n definitiva, a\u00fan as\u00ed seguiremos trabajando.<\/p>\n<p>\u00bfQue el Fondo le quita recursos o autonom\u00eda al Distrito? \u00a1falso! Al contrario, es un apoyo para una misi\u00f3n que es responsabilidad de todos.<\/p>\n<p>La iniciativa no naci\u00f3 el 27 de octubre, se radic\u00f3 en julio de 2018, cumpliendo un compromiso con Cartagena, sobre la base de un estudio realizado en 2016. En octubre de 2018, el 4 para ser m\u00e1s preciso, se realiz\u00f3 en Cartagena una audiencia p\u00fablica abierta a todos, para escuchar observaciones y comentarios de la ciudadan\u00eda con respecto al proyecto de ley. Todas las recomendaciones fueron tenidas en cuenta.<\/p>\n<p>En febrero de 2020, cuando ya llevaban un poco m\u00e1s de un mes los mandatarios actuales, realizamos una mesa t\u00e9cnica con sus delegados, que junto al equipo t\u00e9cnico del Ministerio de Hacienda, Prosperidad Social, Planeaci\u00f3n Nacional, la Unidad de Gesti\u00f3n de Riesgo y los ponentes, redactaron el articulado que termin\u00f3 por aprobar el Congreso. Texto definitivo que recibi\u00f3 el voto afirmativo de todos los senadores, inclusive los de oposici\u00f3n.<\/p>\n<p>Comprendo las dudas que puede generar la ley pues a\u00fan quedan asuntos por resolver que, tal como defini\u00f3 la mesa t\u00e9cnica, no se incluyeron para evitar cl\u00e1usulas r\u00edgidas dif\u00edciles de corregir en el futuro. Con ese fin, los pendientes se podr\u00e1n construir en la reglamentaci\u00f3n, que deber\u00e1 emitir el Gobierno Nacional en un plazo de 6 meses.<\/p>\n<p>Este Fondo, que ser\u00e1 administrado por una entidad del territorio, no tiene ideolog\u00eda. Si tiene un prop\u00f3sito: servir de veh\u00edculo de inversi\u00f3n para la superaci\u00f3n de la miseria.<\/p>\n<p>Me he opuesto al chavismo, de frente y con rigor, m\u00e1s que por ideolog\u00eda, por principios, y lo seguir\u00e9 haciendo con argumentos, hechos y evidencias. Pero ser\u00e1 tema para otra ocasi\u00f3n.<\/p>\n","protected":false},"excerpt":{"rendered":"<p>Por Fernando Nicol\u00e1s Ara\u00fajo (Especial para Revista Zetta 20 a\u00f1os) (Respuesta a la columna de \u00c1lvaro Royo \u00abLa jugada chavista del senador Fernando Ara\u00fajo con Cartagena\u00a0https:\/\/revistazetta.com\/?p=37093).- \u00a0Cartagena, que ha tenido un extraordinario desempe\u00f1o econ\u00f3mico hasta la llegada de la pandemia, sigue siendo la ciudad colombiana de m\u00e1s de un mill\u00f3n de habitantes con peor \u00edndice de pobreza extrema. Debemos acelerar. A diferencia de Ch\u00e1vez, soy firme creyente que el crecimiento econ\u00f3mico, cimentado en la iniciativa privada, es fundamental para superar la miseria, pero no es suficiente. Califican la iniciativa del&#8230; <\/p>\n","protected":false},"author":3,"featured_media":37101,"comment_status":"closed","ping_status":"closed","sticky":false,"template":"","format":"standard","meta":{"footnotes":"","_links_to":"","_links_to_target":""},"categories":[44,65],"tags":[288,289],"class_list":["post-37100","post","type-post","status-publish","format-standard","has-post-thumbnail","hentry","category-materiagris","category-opinion","tag-materia-gris","tag-opinion"],"_links":{"self":[{"href":"https:\/\/revistazetta.com\/index.php?rest_route=\/wp\/v2\/posts\/37100","targetHints":{"allow":["GET"]}}],"collection":[{"href":"https:\/\/revistazetta.com\/index.php?rest_route=\/wp\/v2\/posts"}],"about":[{"href":"https:\/\/revistazetta.com\/index.php?rest_route=\/wp\/v2\/types\/post"}],"author":[{"embeddable":true,"href":"https:\/\/revistazetta.com\/index.php?rest_route=\/wp\/v2\/users\/3"}],"replies":[{"embeddable":true,"href":"https:\/\/revistazetta.com\/index.php?rest_route=%2Fwp%2Fv2%2Fcomments&post=37100"}],"version-history":[{"count":0,"href":"https:\/\/revistazetta.com\/index.php?rest_route=\/wp\/v2\/posts\/37100\/revisions"}],"wp:featuredmedia":[{"embeddable":true,"href":"https:\/\/revistazetta.com\/index.php?rest_route=\/wp\/v2\/media\/37101"}],"wp:attachment":[{"href":"https:\/\/revistazetta.com\/index.php?rest_route=%2Fwp%2Fv2%2Fmedia&parent=37100"}],"wp:term":[{"taxonomy":"category","embeddable":true,"href":"https:\/\/revistazetta.com\/index.php?rest_route=%2Fwp%2Fv2%2Fcategories&post=37100"},{"taxonomy":"post_tag","embeddable":true,"href":"https:\/\/revistazetta.com\/index.php?rest_route=%2Fwp%2Fv2%2Ftags&post=37100"}],"curies":[{"name":"wp","href":"https:\/\/api.w.org\/{rel}","templated":true}]}}