{"id":37190,"date":"2020-08-26T06:22:11","date_gmt":"2020-08-26T11:22:11","guid":{"rendered":"https:\/\/revistazetta.com\/?p=37190"},"modified":"2020-08-26T06:22:11","modified_gmt":"2020-08-26T11:22:11","slug":"me-preocupa-el-aislamiento-selectivo-alcalde-dau-insiste-en-autocuidado","status":"publish","type":"post","link":"https:\/\/revistazetta.com\/?p=37190","title":{"rendered":"\u00abMe preocupa el aislamiento selectivo\u00bb: Alcalde Dau insiste en autocuidado"},"content":{"rendered":"<p>Sobre el aislamiento selectivo, la nueva fase en la que entra el pa\u00eds a partir del primero de septiembre, el alcalde William Dau Chamat dijo que le preocupa porque es m\u00e1s gente en la calle, lo que hace indispensable que todos apliquen el autocuidado para que la ciudad no tenga que regresar a un aislamiento preventivo.<\/p>\n<p>\u201cToca hilar muy delgado para ver c\u00f3mo se compaginan los factores que entran en la mezcla de controlar la Covid -19, porque en un lado se abren m\u00e1s sectores de la econom\u00eda, y por otro se acabar\u00eda el pico y c\u00e9dula y habr\u00e1 m\u00e1s gente en la calle, y se tiene que ver como coordinar para que no se presente un rebrote\u201d, precis\u00f3 el mandatario distrital.<\/p>\n<p>El Alcalde dijo que se analizan las autorizaciones que ha realizado el Gobierno Nacional de algunos sectores en otras ciudades del pa\u00eds. \u201cSe va viendo cu\u00e1l sector se puede abrir sin que implique un mayor riesgo para la seguridad de los cartageneros, y tambi\u00e9n teniendo en cuenta la necesidad de reapertura de que aquellos sectores que est\u00e1n cr\u00edticos\u201d.<\/p>\n<p>El Alcalde hizo una invitaci\u00f3n al autocuidado con responsabilidad, al abrirse sectores como el comercio al por menor. \u201cAhora es cuando se hace realmente importante el autocuidado, porque se nos puede disparar la Covid- 19, y nuevamente todo el mundo para su casa\u201d, dijo.<\/p>\n<p><strong>Protocolos para varios sectores<\/strong><\/p>\n<p>En septiembre se sacar\u00e1n los protocolos de los restaurantes para la atenci\u00f3n en mesa en fase uno (atenci\u00f3n al aire libre). De este gremio, 250 presentaron propuesta de sus medidas de bioseguridad, de los cuales a 220 se les solicit\u00f3 su documentaci\u00f3n para que contin\u00faen el proceso de filtro de la selecci\u00f3n para los que finalmente ingresar\u00e1n en la primera fase de apertura de los sectores que abrir\u00e1n el mes pr\u00f3ximo.<\/p>\n<p>El Distrito est\u00e1 estructurando el piloto para los centros religiosos, teniendo en cuenta que es un sector que aglutina personas, al igual que las medidas de protecci\u00f3n para los practicantes de deportes de aguas profundas, las canchas de golf y tenis.<\/p>\n<p>Tambi\u00e9n ingresa el comercio al por menor, hoteles y moteles que est\u00e1n en el sector urbano, y no los rurales, para no afectar a la poblaci\u00f3n que habita en las islas y corregimientos, y as\u00ed no exponerlos a contagios.<\/p>\n<p>&nbsp;<\/p>\n","protected":false},"excerpt":{"rendered":"<p>Sobre el aislamiento selectivo, la nueva fase en la que entra el pa\u00eds a partir del primero de septiembre, el alcalde William Dau Chamat dijo que le preocupa porque es m\u00e1s gente en la calle, lo que hace indispensable que todos apliquen el autocuidado para que la ciudad no tenga que regresar a un aislamiento preventivo. \u201cToca hilar muy delgado para ver c\u00f3mo se compaginan los factores que entran en la mezcla de controlar la Covid -19, porque en un lado se abren m\u00e1s sectores de la econom\u00eda, y por&#8230; <\/p>\n","protected":false},"author":3,"featured_media":37191,"comment_status":"closed","ping_status":"closed","sticky":false,"template":"","format":"standard","meta":{"footnotes":"","_links_to":"","_links_to_target":""},"categories":[75],"tags":[],"class_list":["post-37190","post","type-post","status-publish","format-standard","has-post-thumbnail","hentry","category-destacada"],"_links":{"self":[{"href":"https:\/\/revistazetta.com\/index.php?rest_route=\/wp\/v2\/posts\/37190","targetHints":{"allow":["GET"]}}],"collection":[{"href":"https:\/\/revistazetta.com\/index.php?rest_route=\/wp\/v2\/posts"}],"about":[{"href":"https:\/\/revistazetta.com\/index.php?rest_route=\/wp\/v2\/types\/post"}],"author":[{"embeddable":true,"href":"https:\/\/revistazetta.com\/index.php?rest_route=\/wp\/v2\/users\/3"}],"replies":[{"embeddable":true,"href":"https:\/\/revistazetta.com\/index.php?rest_route=%2Fwp%2Fv2%2Fcomments&post=37190"}],"version-history":[{"count":0,"href":"https:\/\/revistazetta.com\/index.php?rest_route=\/wp\/v2\/posts\/37190\/revisions"}],"wp:featuredmedia":[{"embeddable":true,"href":"https:\/\/revistazetta.com\/index.php?rest_route=\/wp\/v2\/media\/37191"}],"wp:attachment":[{"href":"https:\/\/revistazetta.com\/index.php?rest_route=%2Fwp%2Fv2%2Fmedia&parent=37190"}],"wp:term":[{"taxonomy":"category","embeddable":true,"href":"https:\/\/revistazetta.com\/index.php?rest_route=%2Fwp%2Fv2%2Fcategories&post=37190"},{"taxonomy":"post_tag","embeddable":true,"href":"https:\/\/revistazetta.com\/index.php?rest_route=%2Fwp%2Fv2%2Ftags&post=37190"}],"curies":[{"name":"wp","href":"https:\/\/api.w.org\/{rel}","templated":true}]}}