{"id":37192,"date":"2020-08-26T07:02:46","date_gmt":"2020-08-26T12:02:46","guid":{"rendered":"https:\/\/revistazetta.com\/?p=37192"},"modified":"2020-08-26T07:03:30","modified_gmt":"2020-08-26T12:03:30","slug":"iglesia-define-parroquias-para-plan-piloto-de-reapertura-de-templos","status":"publish","type":"post","link":"https:\/\/revistazetta.com\/?p=37192","title":{"rendered":"Iglesia define parroquias para plan piloto de reapertura de templos"},"content":{"rendered":"<p>La Arquidi\u00f3cesis de Cartagena est\u00e1 definiendo las primeras parroquias que entrar\u00e1n al plan piloto de reapertura de templos, en coordinaci\u00f3n con la Alcald\u00eda de Cartagena, y a la espera de aprobaci\u00f3n del Ministerio de Salud.<\/p>\n<p>Mose\u00f1or Jorge Enrique Jim\u00e9nez, arzobispo de Cartagena, expres\u00f3 que espera que en la primera quincena de septiembre ya se tenga aprobaci\u00f3n, y agradeci\u00f3 al alcalde William Dau y a la asesora para la reactivaci\u00f3n Mar\u00eda Claudia Pe\u00f1as por el acompa\u00f1amiento en el proceso de reapertura.<\/p>\n<p>Dijo que los servidores de la Iglesia Cat\u00f3lica acatan las regulaciones e instrucciones de las autoridades, y que esperan que el plan piloto pueda aportar toda la experiencia para, m\u00e1s adelante, tener normalizado el servicio apost\u00f3lico en las 106 parroquias que conforman la juridicci\u00f3n de la Aquidi\u00f3cesis de Cartagena.<\/p>\n<p>En di\u00e1logo con John Zamora, director de Revista Zetta, el patriarca cat\u00f3lico dijo que la pandemia hizo que la Iglesia se adaptara a las nuevas teconolog\u00edas, y m\u00e1s del 80% de las parroquias llevaron su mensaje apost\u00f3lico a dichas plataformas.<\/p>\n<p>Monse\u00f1or Jim\u00e9nez hizo evocaci\u00f3n especial de la Hermana Johana Rivera, de la congregacion Franciscanas de la Inmaculada, quien fue una de las primeras v\u00edctimas fatales de Covid19 en Colombia. Dijo que dej\u00f3 un importangte testimonio de vida consagrada a Cristo y al pr\u00f3jimo.<\/p>\n<p>Revel\u00f3 que tres sacerdotes y un seminarista de la Arquidi\u00f3cesis de Cartagena han resultado positivos por Covid19, y solo uno a\u00fan se mantiene aislado, los dem\u00e1s se recuperaron.<\/p>\n<p>Ver aqu\u00ed entrevista con monse\u00f1or Jorge Enrique Jim\u00e9nez, arzobispo de Cartagena.<\/p>\n<p><iframe loading=\"lazy\" src=\"https:\/\/www.youtube.com\/embed\/rOBafadxexY\" width=\"560\" height=\"315\" frameborder=\"0\" allowfullscreen=\"allowfullscreen\"><\/iframe><\/p>\n","protected":false},"excerpt":{"rendered":"<p>La Arquidi\u00f3cesis de Cartagena est\u00e1 definiendo las primeras parroquias que entrar\u00e1n al plan piloto de reapertura de templos, en coordinaci\u00f3n con la Alcald\u00eda de Cartagena, y a la espera de aprobaci\u00f3n del Ministerio de Salud. Mose\u00f1or Jorge Enrique Jim\u00e9nez, arzobispo de Cartagena, expres\u00f3 que espera que en la primera quincena de septiembre ya se tenga aprobaci\u00f3n, y agradeci\u00f3 al alcalde William Dau y a la asesora para la reactivaci\u00f3n Mar\u00eda Claudia Pe\u00f1as por el acompa\u00f1amiento en el proceso de reapertura. Dijo que los servidores de la Iglesia Cat\u00f3lica acatan las&#8230; <\/p>\n","protected":false},"author":3,"featured_media":37182,"comment_status":"closed","ping_status":"closed","sticky":false,"template":"","format":"standard","meta":{"footnotes":"","_links_to":"","_links_to_target":""},"categories":[75,30],"tags":[285,326],"class_list":["post-37192","post","type-post","status-publish","format-standard","has-post-thumbnail","hentry","category-destacada","category-politica-entrevistas","tag-destacada","tag-entrevista"],"_links":{"self":[{"href":"https:\/\/revistazetta.com\/index.php?rest_route=\/wp\/v2\/posts\/37192","targetHints":{"allow":["GET"]}}],"collection":[{"href":"https:\/\/revistazetta.com\/index.php?rest_route=\/wp\/v2\/posts"}],"about":[{"href":"https:\/\/revistazetta.com\/index.php?rest_route=\/wp\/v2\/types\/post"}],"author":[{"embeddable":true,"href":"https:\/\/revistazetta.com\/index.php?rest_route=\/wp\/v2\/users\/3"}],"replies":[{"embeddable":true,"href":"https:\/\/revistazetta.com\/index.php?rest_route=%2Fwp%2Fv2%2Fcomments&post=37192"}],"version-history":[{"count":0,"href":"https:\/\/revistazetta.com\/index.php?rest_route=\/wp\/v2\/posts\/37192\/revisions"}],"wp:featuredmedia":[{"embeddable":true,"href":"https:\/\/revistazetta.com\/index.php?rest_route=\/wp\/v2\/media\/37182"}],"wp:attachment":[{"href":"https:\/\/revistazetta.com\/index.php?rest_route=%2Fwp%2Fv2%2Fmedia&parent=37192"}],"wp:term":[{"taxonomy":"category","embeddable":true,"href":"https:\/\/revistazetta.com\/index.php?rest_route=%2Fwp%2Fv2%2Fcategories&post=37192"},{"taxonomy":"post_tag","embeddable":true,"href":"https:\/\/revistazetta.com\/index.php?rest_route=%2Fwp%2Fv2%2Ftags&post=37192"}],"curies":[{"name":"wp","href":"https:\/\/api.w.org\/{rel}","templated":true}]}}