{"id":37211,"date":"2020-08-27T08:54:24","date_gmt":"2020-08-27T13:54:24","guid":{"rendered":"https:\/\/revistazetta.com\/?p=37211"},"modified":"2020-08-27T08:58:45","modified_gmt":"2020-08-27T13:58:45","slug":"luto-en-las-letras-del-caribe-por-muerte-de-la-turquesa-morena-soad-louis-lakah","status":"publish","type":"post","link":"https:\/\/revistazetta.com\/?p=37211","title":{"rendered":"Luto en las letras del Caribe por muerte de la \u201cTurquesa Morena\u201d, Soad Louis Lakah"},"content":{"rendered":"<p>La letras y la cultura del Caribe lloran hoy a una de sus mayores exponente, la escritora, poetisa y gestora cultural Soad Louis Lakah, a sus 68 a\u00f1os.<\/p>\n<p>La afamada escritora, investigadora y gestora cultural del departamento, conocida como \u201cLa Turquesa Morena\u201d, falleci\u00f3 en la noche del 26 de agosto.<\/p>\n<p>Soad Louis Lakah jug\u00f3 un papel importante en la cultura cordobesa e incluso se le atribuye el haber cambiado el rol de la mujer en dicho \u00e1mbito.<\/p>\n<p>Nacida en el municipio de Ci\u00e9naga de Oro, es autora de libros como <em>\u201cLa L\u00edo y otras Mujeres\u201d, \u201cRazones de peso\u201d, \u201cLa Memoria del R\u00edo\u201d y \u201cLos Caprichos de Dios\u201d<\/em>.<\/p>\n<p>Fue dos veces Secretar\u00eda Departamental de la Cultura y colaboradora de suplementos literarios de grandes peri\u00f3dicos colombianos como <em>El Espectador, El Tiempo, El Heraldo, El Universal<\/em>; entre otros.\u00a0De igual manera, escribi\u00f3 para revistas como <em>\u2018Puesto de Combate\u2019, \u2018Caf\u00e9 Literario\u2019 y \u2018El T\u00fanel\u2019.<\/em><\/p>\n<p>Como Secretaria de Cultura de C\u00f3rdoba trabaj\u00f3 incansablemente por el rescate de los valores culturales de C\u00f3rdoba, editando numerosos libros y discos compactos para recoger la m\u00fasica, cantos y literatura cordobeses.<\/p>\n<p>Tambi\u00e9n dedic\u00f3 parte de su vida a recopilar toda la riqueza de la tradici\u00f3n popular, los porros, los cantos de vaquer\u00eda, las d\u00e9cimas, y los gritos de monte e historias de cuenteros.<\/p>\n<p>Uno de los principales libros que escribi\u00f3 Soad Louis Lakah fue \u2018Los Inmigrantes \u00c1rabes en los Valles Del Sin\u00fa y San Jorge\u2019, donde entrega informaci\u00f3n detallada de c\u00f3mo y cu\u00e1ndo llegaron a estas tierras cordobesas.<\/p>\n<p><strong>Reacciones<\/strong><\/p>\n<p><strong>Carlos Ordosgoitia, alcalde de Monter\u00eda<\/strong><\/p>\n<p>La cultura en C\u00f3rdoba est\u00e1 de luto. Se fue una gran mujer que trabaj\u00f3 por el rescate de la cultura, dejando un legado enorme: Soad Louis Lakah. Sus escritos dan cuenta del gran amor que ten\u00eda por su tierra. Adi\u00f3s \u00abTurquesa Morena\u00bb. A su familia, nuestras condolencias.<\/p>\n<p>&nbsp;<\/p>\n<p><strong>Universidad de C\u00f3rdoba<\/strong><\/p>\n<p>La Universidad de C\u00f3rdoba lamenta el fallecimiento de la escritora y gestora cultural, Soad Louis Lakah, quien comparti\u00f3 con nuestros estudiantes unicordobeses, sus semillas de amor por nuestra cultura.<\/p>\n<p>&nbsp;<\/p>\n<p><strong>\u00c1lvaro Uribe V\u00e9lez<\/strong><\/p>\n<p>La partida de Soad Louis Lacka deja en l\u00e1grimas el porro y las letras cordobesas, nuestra solidaridad con Luisa, Antonella y toda la familia.<\/p>\n<p>&nbsp;<\/p>\n<p><strong>Alberto Salcedo Ramos<\/strong><\/p>\n<p><span class=\"css-901oao css-16my406 r-1qd0xha r-ad9z0x r-bcqeeo r-qvutc0\">Duele la partida de <\/span><span class=\"r-18u37iz\">\u00a0<a class=\"css-4rbku5 css-18t94o4 css-901oao css-16my406 r-1n1174f r-1loqt21 r-1qd0xha r-ad9z0x r-bcqeeo r-qvutc0\" dir=\"ltr\" role=\"link\" href=\"https:\/\/twitter.com\/SOADLOUISL\" data-focusable=\"true\" target=\"_blank\" rel=\"noopener\">@SOADLOUISL<\/a><\/span><span class=\"css-901oao css-16my406 r-1qd0xha r-ad9z0x r-bcqeeo r-qvutc0\">, gestora cultural, poeta, amiga, conversadora. En el Sin\u00fa era m\u00e1s conocida como la Turquesa Morena. Nos quedan sus historias, su cari\u00f1o, sus poemas. Abrazo a sus hijas\u00a0<\/span><span class=\"r-18u37iz\"><a class=\"css-4rbku5 css-18t94o4 css-901oao css-16my406 r-1n1174f r-1loqt21 r-1qd0xha r-ad9z0x r-bcqeeo r-qvutc0\" dir=\"ltr\" role=\"link\" href=\"https:\/\/twitter.com\/antonellafarahl\" data-focusable=\"true\" target=\"_blank\" rel=\"noopener\">@antonellafarahl<\/a><\/span><span class=\"css-901oao css-16my406 r-1qd0xha r-ad9z0x r-bcqeeo r-qvutc0\">\u00a0y\u00a0<\/span><span class=\"r-18u37iz\"><a class=\"css-4rbku5 css-18t94o4 css-901oao css-16my406 r-1n1174f r-1loqt21 r-1qd0xha r-ad9z0x r-bcqeeo r-qvutc0\" dir=\"ltr\" role=\"link\" href=\"https:\/\/twitter.com\/luisafarah\" data-focusable=\"true\" target=\"_blank\" rel=\"noopener\">@luisafarah<\/a><\/span><\/p>\n<p>Cuando fue secretaria de cultura de C\u00f3rdoba le dio un impulso nunca antes visto a la cultura popular de su departamento. Los discos que se hicieron entonces (de cantos de vaquer\u00eda), de m\u00fasica de laboreo, de cantaoras y arrieros, son joyas de nuestro patrimonio.<\/p>\n<p>&nbsp;<\/p>\n<p><strong>Boris Garc\u00eda<\/strong><\/p>\n<p>Despedir a una amiga tan querida como SOAD LOUIS L . Es un dolor muy grande . Pablito Florez con su canto \u00f3rense amoroso la llam\u00f3 Turquesa Morena y ella fue un verso de canci\u00f3n y una gestora de sue\u00f1os culturales , una escritora extraordinaria , madre , abuela , hermana de vivencias de mi madre y mis t\u00edos , consejera de anhelos art\u00edsticos a quien tuve la suerte de querer y admirar desde siempre !<br \/>\nDejas un legado imborrable Soad <a class=\"notranslate\" tabindex=\"0\" href=\"https:\/\/www.instagram.com\/soadlouisl\/\" target=\"_blank\" rel=\"noopener\">@soadlouisl<\/a> ! Y nos vas a hacer mucha falta. Con l\u00e1grimas y melancol\u00eda escribo estas palabras y mi canci\u00f3n entristece .<br \/>\nMi amor y abrazo lleno de fortaleza y paz para ustedes ; familia m\u00eda: <a class=\"notranslate\" tabindex=\"0\" href=\"https:\/\/www.instagram.com\/antonellafarahl\/\" target=\"_blank\" rel=\"noopener\">@antonellafarahl<\/a> <a class=\"notranslate\" tabindex=\"0\" href=\"https:\/\/www.instagram.com\/luisafarah21\/\" target=\"_blank\" rel=\"noopener\">@luisafarah21<\/a><\/p>\n<p>&nbsp;<\/p>\n<p><strong>Abelardo de la Espriella<\/strong><\/p>\n<p><span class=\"css-901oao css-16my406 r-1qd0xha r-ad9z0x r-bcqeeo r-qvutc0\">Descansa en paz querida Soad. (A.D.L.E) <\/span><span class=\"r-18u37iz\"><a class=\"css-4rbku5 css-18t94o4 css-901oao css-16my406 r-1n1174f r-1loqt21 r-1qd0xha r-ad9z0x r-bcqeeo r-qvutc0\" dir=\"ltr\" role=\"link\" href=\"https:\/\/twitter.com\/hashtag\/SoadLouisLakah?ref_src=twsrc%5Etfw%7Ctwcamp%5Etweetembed%7Ctwterm%5E1298959605947654144%7Ctwgr%5E&amp;ref_url=https%3A%2F%2Fwww.zenuradio.com%2Fcordoba%2Fmurio-la-escritora-y-gestora-cultural-soad-louis-lakah%2F&amp;src=hashtag_click\" target=\"_blank\" rel=\"noopener noreferrer\" data-focusable=\"true\">#SoadLouisLakah<\/a><\/span><\/p>\n<p>&nbsp;<\/p>\n<p>&nbsp;<\/p>\n","protected":false},"excerpt":{"rendered":"<p>La letras y la cultura del Caribe lloran hoy a una de sus mayores exponente, la escritora, poetisa y gestora cultural Soad Louis Lakah, a sus 68 a\u00f1os. La afamada escritora, investigadora y gestora cultural del departamento, conocida como \u201cLa Turquesa Morena\u201d, falleci\u00f3 en la noche del 26 de agosto. Soad Louis Lakah jug\u00f3 un papel importante en la cultura cordobesa e incluso se le atribuye el haber cambiado el rol de la mujer en dicho \u00e1mbito. Nacida en el municipio de Ci\u00e9naga de Oro, es autora de libros como&#8230; <\/p>\n","protected":false},"author":3,"featured_media":37212,"comment_status":"closed","ping_status":"closed","sticky":false,"template":"","format":"standard","meta":{"footnotes":"","_links_to":"","_links_to_target":""},"categories":[41,59],"tags":[290,320],"class_list":["post-37211","post","type-post","status-publish","format-standard","has-post-thumbnail","hentry","category-cultura","category-letras","tag-cultura","tag-letras"],"_links":{"self":[{"href":"https:\/\/revistazetta.com\/index.php?rest_route=\/wp\/v2\/posts\/37211","targetHints":{"allow":["GET"]}}],"collection":[{"href":"https:\/\/revistazetta.com\/index.php?rest_route=\/wp\/v2\/posts"}],"about":[{"href":"https:\/\/revistazetta.com\/index.php?rest_route=\/wp\/v2\/types\/post"}],"author":[{"embeddable":true,"href":"https:\/\/revistazetta.com\/index.php?rest_route=\/wp\/v2\/users\/3"}],"replies":[{"embeddable":true,"href":"https:\/\/revistazetta.com\/index.php?rest_route=%2Fwp%2Fv2%2Fcomments&post=37211"}],"version-history":[{"count":0,"href":"https:\/\/revistazetta.com\/index.php?rest_route=\/wp\/v2\/posts\/37211\/revisions"}],"wp:featuredmedia":[{"embeddable":true,"href":"https:\/\/revistazetta.com\/index.php?rest_route=\/wp\/v2\/media\/37212"}],"wp:attachment":[{"href":"https:\/\/revistazetta.com\/index.php?rest_route=%2Fwp%2Fv2%2Fmedia&parent=37211"}],"wp:term":[{"taxonomy":"category","embeddable":true,"href":"https:\/\/revistazetta.com\/index.php?rest_route=%2Fwp%2Fv2%2Fcategories&post=37211"},{"taxonomy":"post_tag","embeddable":true,"href":"https:\/\/revistazetta.com\/index.php?rest_route=%2Fwp%2Fv2%2Ftags&post=37211"}],"curies":[{"name":"wp","href":"https:\/\/api.w.org\/{rel}","templated":true}]}}