{"id":37249,"date":"2020-08-30T06:59:16","date_gmt":"2020-08-30T11:59:16","guid":{"rendered":"https:\/\/revistazetta.com\/?p=37249"},"modified":"2020-08-30T09:51:45","modified_gmt":"2020-08-30T14:51:45","slug":"una-proteccion-costera-mediocre-que-cartagena-no-se-merece-opinion-de-alvaro-royo-desde-xiamen","status":"publish","type":"post","link":"https:\/\/revistazetta.com\/?p=37249","title":{"rendered":"Una protecci\u00f3n costera mediocre que Cartagena no se merece \u2013 Opini\u00f3n de \u00c1lvaro Royo desde Xiamen"},"content":{"rendered":"<p><strong><span style=\"color: #000080;\">Por \u00c1lvaro Royo B\u00e1rcenas (Especial para Revista Zetta 20 a\u00f1os).-<\/span> <span style=\"color: #003300;\">(Xiamen \u2013 China).-<\/span><\/strong> Por all\u00e1 en el a\u00f1o 2011 tir\u00e1bamos voladores y festej\u00e1bamos porque hab\u00eda resultado ganador un proyecto para la protecci\u00f3n costera de Cartagena de la empresa de Medell\u00edn Consorcio uni\u00f3n temporal Uni\u00f3n 6, que, sin ser la panacea, sus componentes urban\u00edsticos eran bastante decentes y acordes con la importancia de estos m\u00e1s de 7 kil\u00f3metros de costa que van desde el t\u00fanel de Crespo hasta el espol\u00f3n de Iribarren en Bocagrande. Hoy casi una d\u00e9cada despu\u00e9s Cartagena no tiene nada, y lo peor es que lo que tienen en mente construir va camino a convertirse en una cicatriz en la mitad de la cara m\u00e1s visible de la ciudad, en \u00faltimas una verg\u00fcenza que nos ser\u00e1 casi imposible borrar, ocultar.<\/p>\n<div id=\"attachment_37250\" style=\"width: 410px\" class=\"wp-caption aligncenter\"><img loading=\"lazy\" decoding=\"async\" aria-describedby=\"caption-attachment-37250\" class=\"wp-image-37250 size-medium\" src=\"https:\/\/revistazetta.com\/wp-content\/uploads\/2020\/08\/Estado-actual-400x267.jpg\" alt=\"\" width=\"400\" height=\"267\" srcset=\"https:\/\/revistazetta.com\/wp-content\/uploads\/2020\/08\/Estado-actual-400x267.jpg 400w, https:\/\/revistazetta.com\/wp-content\/uploads\/2020\/08\/Estado-actual-1024x683.jpg 1024w, https:\/\/revistazetta.com\/wp-content\/uploads\/2020\/08\/Estado-actual.jpg 1050w\" sizes=\"auto, (max-width: 400px) 100vw, 400px\" \/><p id=\"caption-attachment-37250\" class=\"wp-caption-text\">Estado actual.<\/p><\/div>\n<p>Copio textualmente lo que dice un documento de Valorizaci\u00f3n Distrital:<\/p>\n<ul>\n<li><span style=\"color: #000080;\"><strong><em>D<\/em><\/strong><em>e conformidad con el Acuerdo No. 016 de septiembre de 2008, del honorable Concejo Distrital de la ciudad de Cartagena, teniendo en cuenta el proceso erosivo que se vienen presentando en las playas de Cartagena, por diversas causas, como deterioro total de las obras de protecci\u00f3n costera, el ascenso del nivel del mar (mareas), efectos de corrientes acentuados por el cambio clim\u00e1tico global, la Administraci\u00f3n Distrital en concordancia con su plan de desarrollo en su Cap\u00edtulo Quinto, estableci\u00f3 como prioridad \u201cLa Recuperaci\u00f3n y Protecci\u00f3n Costera de las playa de Cartagena\u201d, materializando esta estrategia en el proyecto \u201cAvenida Bicentenario\u201d . <\/em><\/span><\/li>\n<li><span style=\"color: #000080;\"><strong><em>P<\/em><\/strong><em>or esta raz\u00f3n el Departamento Administrativo de Valorizaci\u00f3n Distrital de Cartagena adelant\u00f3 la convocatoria para la realizaci\u00f3n de los dise\u00f1os de la Propuesta Arquitect\u00f3nica, Urban\u00edstica y Paisajista, con el apoyo de la Sociedad Colombiana de Arquitectos seccional Bol\u00edvar; la cual fue adjudicada y realiz\u00f3 los dise\u00f1os El Consorcio Uni\u00f3n Temporal Uni\u00f3n 6, de inmediato se contrataron los estudios <strong>de Ingenier\u00eda de Detalles de la Propuesta Arquitect\u00f3nica, Urban\u00edstica, Paisajista,<\/strong> los Estudios de Recuperaci\u00f3n, Protecci\u00f3n Costera y de Impacto Ambiental con la Universidad de Cartagena.<\/em><\/span><\/li>\n<li><span style=\"color: #000080;\"><strong><em>DESCRIPCION DEL PROYECTO ARQUITECTONICO URBANISTICO Y PAISAJISTICO<\/em><\/strong><\/span><\/li>\n<li><span style=\"color: #000080;\"><em>El proyecto est\u00e1 dividido en tres franjas, una franja activa de 20 metros, partiendo de la l\u00ednea costa, que es propiamente la playa; una franja de transici\u00f3n 20 metros donde estar\u00e1n ubicadas las carpas, y una franja de 20 metros de reposo, donde estar\u00e1n las canchas deportivas de microf\u00fatbol, y voleibol, complementario a estas franjas se ubicara la zona de servicios tur\u00edsticos, como plazoletas, ciclo rutas, \u00e1reas de servicios, etc.<\/em><\/span><\/li>\n<\/ul>\n<p><span style=\"color: #000080;\"><em>\u00a0<\/em><\/span><\/p>\n<p><span style=\"color: #000080;\"><strong><em>DISE\u00d1OS Y ESTUDIOS\u00a0 DE INGENIERIA <\/em><\/strong><strong><em>DE DETALLES <\/em><\/strong><\/span><\/p>\n<p><span style=\"color: #000080;\"><em>El proyecto tiene todos los dise\u00f1os Arquitect\u00f3nicos\u00a0 Urban\u00edsticos Paisaj\u00edsticos, de Ingenier\u00eda de Detalles y de Impacto. <\/em><\/span><\/p>\n<p><span style=\"color: #000080;\"><em>El proyecto contempla los siguientes componentes:<\/em><\/span><\/p>\n<p><span style=\"color: #000080;\"><em>\u00a01).Construcci\u00f3n de la protecci\u00f3n del borde costero, en el cual se construir\u00e1n 16 espolones\u00a0 de 250 ml de largo con una corona de 8 m, a la cota promedio de + 3,5, suministro y colocaci\u00f3n de 10.000.000 m3 de relleno hidr\u00e1ulico, recuperando un ancho\u00a0 de 80 metros de playa, en una longitud de 7.2 kil\u00f3metros.<\/em><\/span><\/p>\n<p><span style=\"color: #000080;\"><em>2) Reconstrucci\u00f3n en pavimento r\u00edgido de la avenida Santander en las dos calzadas\u00a0 de 7.3 metros,\u00a0 sobre la banca existente, aumentando el nivel de la banca existente en 0.60 metros, igual se har\u00e1 en la Avenida Primera de Boca-Grande; ampliando la zona\u00a0 de andenes y la calzada\u00a0 en un carril, incluye ciclo rutas de 2,8 metros de ancho.<\/em><\/span><\/p>\n<p><span style=\"color: #000080;\"><em>3). El componente Arquitect\u00f3nico, Urban\u00edstico y Paisaj\u00edstico.<\/em><\/span><\/p>\n<p><span style=\"color: #000080;\"><em>Se dise\u00f1aron espolones miradores, habitables (restaurantes), plazoletas, zonas verdes, de recreaci\u00f3n, deportes y muros contenedores de dunas etc.<\/em><\/span><\/p>\n<div id=\"attachment_37270\" style=\"width: 410px\" class=\"wp-caption aligncenter\"><img loading=\"lazy\" decoding=\"async\" aria-describedby=\"caption-attachment-37270\" class=\"wp-image-37270 size-medium\" src=\"https:\/\/revistazetta.com\/wp-content\/uploads\/2020\/08\/Cos-3-400x286.jpeg\" alt=\"\" width=\"400\" height=\"286\" srcset=\"https:\/\/revistazetta.com\/wp-content\/uploads\/2020\/08\/Cos-3-400x286.jpeg 400w, https:\/\/revistazetta.com\/wp-content\/uploads\/2020\/08\/Cos-3.jpeg 1006w\" sizes=\"auto, (max-width: 400px) 100vw, 400px\" \/><p id=\"caption-attachment-37270\" class=\"wp-caption-text\">Propuesta ganadora de los dise\u00f1os (1).<\/p><\/div>\n<p>&nbsp;<\/p>\n<div id=\"attachment_37269\" style=\"width: 410px\" class=\"wp-caption aligncenter\"><img loading=\"lazy\" decoding=\"async\" aria-describedby=\"caption-attachment-37269\" class=\"wp-image-37269 size-medium\" src=\"https:\/\/revistazetta.com\/wp-content\/uploads\/2020\/08\/Cos-2-400x293.jpeg\" alt=\"\" width=\"400\" height=\"293\" srcset=\"https:\/\/revistazetta.com\/wp-content\/uploads\/2020\/08\/Cos-2-400x293.jpeg 400w, https:\/\/revistazetta.com\/wp-content\/uploads\/2020\/08\/Cos-2.jpeg 983w\" sizes=\"auto, (max-width: 400px) 100vw, 400px\" \/><p id=\"caption-attachment-37269\" class=\"wp-caption-text\">Propuesta ganadora de los dise\u00f1os (2).<\/p><\/div>\n<p>&nbsp;<\/p>\n<div id=\"attachment_37271\" style=\"width: 410px\" class=\"wp-caption aligncenter\"><img loading=\"lazy\" decoding=\"async\" aria-describedby=\"caption-attachment-37271\" class=\"wp-image-37271 size-medium\" src=\"https:\/\/revistazetta.com\/wp-content\/uploads\/2020\/08\/Cos-4-400x296.jpeg\" alt=\"\" width=\"400\" height=\"296\" srcset=\"https:\/\/revistazetta.com\/wp-content\/uploads\/2020\/08\/Cos-4-400x296.jpeg 400w, https:\/\/revistazetta.com\/wp-content\/uploads\/2020\/08\/Cos-4.jpeg 973w\" sizes=\"auto, (max-width: 400px) 100vw, 400px\" \/><p id=\"caption-attachment-37271\" class=\"wp-caption-text\">Propuesta ganadora de los dise\u00f1os (3).<\/p><\/div>\n<p>&nbsp;<\/p>\n<div id=\"attachment_37268\" style=\"width: 410px\" class=\"wp-caption aligncenter\"><img loading=\"lazy\" decoding=\"async\" aria-describedby=\"caption-attachment-37268\" class=\"wp-image-37268 size-medium\" src=\"https:\/\/revistazetta.com\/wp-content\/uploads\/2020\/08\/Cos-1-400x293.jpeg\" alt=\"\" width=\"400\" height=\"293\" srcset=\"https:\/\/revistazetta.com\/wp-content\/uploads\/2020\/08\/Cos-1-400x293.jpeg 400w, https:\/\/revistazetta.com\/wp-content\/uploads\/2020\/08\/Cos-1.jpeg 970w\" sizes=\"auto, (max-width: 400px) 100vw, 400px\" \/><p id=\"caption-attachment-37268\" class=\"wp-caption-text\">Propuesta ganadora de los dise\u00f1os (4).<\/p><\/div>\n<p>Hasta all\u00ed todo s\u00faper bien, los componentes explicados en los p\u00e1rrafos anteriores dan cuenta de un proyecto bien pensado y acorde con las necesidades de la ciudad, de hace 10 a\u00f1os, hoy la ciudad se merece si no eso como m\u00ednimo, algo m\u00e1s actualizado a mejor, pero el panorama es sombr\u00edo y con pinta de pel\u00edcula de terror por las cosas que est\u00e1n sucediendo desde hace 10 a\u00f1os.<\/p>\n<p>La empresa uni\u00f3n temporal Uni\u00f3n 6, ganadora del proyecto asegura que jam\u00e1s ha sido contactada para hacer ajustes, actualizar, proyectar o siquiera para saludarlos y preguntarles como est\u00e1n, luego de las millonarias inversiones que se hicieron para el concurso de ideas en el cual resultaron ganadores, el olvido ha sido la constante durante todos estos a\u00f1os.<\/p>\n<p>Hace unos a\u00f1os, en el 2011, Valorizaci\u00f3n Distrital suscribi\u00f3 un convenio adjudicado a dedo con la Universidad de Cartagena cuyo objeto principal era desarrollar la ingenier\u00eda de detalles del proyecto ganador, en 2015 en reuniones entre la Universidad de Cartagena y Planeaci\u00f3n Distrital ya se empezaban a ver cambios entre la propuesta ganadora y lo que se pensaba ejecutar, y la licitaci\u00f3n declarada desierta recientemente ya muestra un proyecto que no tiene absolutamente nada del original y todo se resume en rellenos hidr\u00e1ulicos de arena tirada all\u00ed no mas, \u00a0kil\u00f3metros de v\u00edas en concreto r\u00edgido y millones de metros c\u00fabicos en piedras apilonados a lo largo de la costa que ser\u00e1n una vergonzosa cicatriz sin componentes urbanos ni paisajistas y mucho menos acorde con el patrimonio que esa l\u00ednea costera toca y afecta entre el fuerte de la tenaza y el parque de la marina.<\/p>\n<p>La Universidad de Cartagena que fue contratada para desarrollar una ingenier\u00eda de detalles de un proyecto ya ganador ha terminado dise\u00f1ando este nuevo esperpento, y hay que agregar que esta Universidad no cuenta con la experiencia ni el conocimiento en el manejo de estos temas ya que no tiene facultad de arquitectura ni profesionales en temas urbanos ni paisajistas.<\/p>\n<p>Tocar\u00eda preguntar qui\u00e9n se est\u00e1 beneficiando con estos 10 a\u00f1os de desorden e improvisaci\u00f3n en un tema tan vital para la ciudad.<\/p>\n<div id=\"attachment_37255\" style=\"width: 410px\" class=\"wp-caption aligncenter\"><img loading=\"lazy\" decoding=\"async\" aria-describedby=\"caption-attachment-37255\" class=\"wp-image-37255 size-medium\" src=\"https:\/\/revistazetta.com\/wp-content\/uploads\/2020\/08\/Propuesta-nueva-improvisada-sin-urbanismo-ni-paisajismo-2-400x225.jpg\" alt=\"\" width=\"400\" height=\"225\" srcset=\"https:\/\/revistazetta.com\/wp-content\/uploads\/2020\/08\/Propuesta-nueva-improvisada-sin-urbanismo-ni-paisajismo-2-400x225.jpg 400w, https:\/\/revistazetta.com\/wp-content\/uploads\/2020\/08\/Propuesta-nueva-improvisada-sin-urbanismo-ni-paisajismo-2-1024x576.jpg 1024w, https:\/\/revistazetta.com\/wp-content\/uploads\/2020\/08\/Propuesta-nueva-improvisada-sin-urbanismo-ni-paisajismo-2-1536x864.jpg 1536w, https:\/\/revistazetta.com\/wp-content\/uploads\/2020\/08\/Propuesta-nueva-improvisada-sin-urbanismo-ni-paisajismo-2.jpg 1920w\" sizes=\"auto, (max-width: 400px) 100vw, 400px\" \/><p id=\"caption-attachment-37255\" class=\"wp-caption-text\">Propuesta nueva improvisada, sin paisajismo ni urbanismo (1).<\/p><\/div>\n<p>&nbsp;<\/p>\n<div id=\"attachment_37256\" style=\"width: 410px\" class=\"wp-caption aligncenter\"><img loading=\"lazy\" decoding=\"async\" aria-describedby=\"caption-attachment-37256\" class=\"wp-image-37256 size-medium\" src=\"https:\/\/revistazetta.com\/wp-content\/uploads\/2020\/08\/Propuesta-nueva-improvisada-sin-urbanismo-ni-paisajismo-400x225.jpg\" alt=\"\" width=\"400\" height=\"225\" srcset=\"https:\/\/revistazetta.com\/wp-content\/uploads\/2020\/08\/Propuesta-nueva-improvisada-sin-urbanismo-ni-paisajismo-400x225.jpg 400w, https:\/\/revistazetta.com\/wp-content\/uploads\/2020\/08\/Propuesta-nueva-improvisada-sin-urbanismo-ni-paisajismo-1024x576.jpg 1024w, https:\/\/revistazetta.com\/wp-content\/uploads\/2020\/08\/Propuesta-nueva-improvisada-sin-urbanismo-ni-paisajismo-1536x864.jpg 1536w, https:\/\/revistazetta.com\/wp-content\/uploads\/2020\/08\/Propuesta-nueva-improvisada-sin-urbanismo-ni-paisajismo.jpg 1920w\" sizes=\"auto, (max-width: 400px) 100vw, 400px\" \/><p id=\"caption-attachment-37256\" class=\"wp-caption-text\">Propuesta nueva improvisada, sin paisajismo ni urbanismo (2).<\/p><\/div>\n<p>Como siempre all\u00ed est\u00e1 mi email al pie de p\u00e1gina para los que quieran escribirme sus opiniones acerca del tema y con mucho gusto les responder\u00e9.<\/p>\n<p><span style=\"color: #800000;\"><strong>\u00a1Un abrazo!<\/strong><\/span><\/p>\n<p><span style=\"color: #800000;\"><strong>\u00c1lvaro Royo B\u00e1rcenas<\/strong><\/span><\/p>\n<p>Xiamen-China<\/p>\n<p><a href=\"mailto:enchina@gmail.com\">enchina@gmail.com<\/a><\/p>\n<p><a href=\"http:\/\/www.alvaroroyo.com\/\" target=\"_blank\" rel=\"noopener\">www.alvaroroyo.com<\/a><\/p>\n<p>Twitter:\u00a0@Alvaro_E_Royo<\/p>\n<p>0086-13559231344<\/p>\n<p>&nbsp;<\/p>\n<p>&nbsp;<\/p>\n<p>&nbsp;<\/p>\n<p>&nbsp;<\/p>\n<p>&nbsp;<\/p>\n<p>&nbsp;<\/p>\n<p>&nbsp;<\/p>\n<p>&nbsp;<\/p>\n<p>&nbsp;<\/p>\n","protected":false},"excerpt":{"rendered":"<p>Por \u00c1lvaro Royo B\u00e1rcenas (Especial para Revista Zetta 20 a\u00f1os).- (Xiamen \u2013 China).- Por all\u00e1 en el a\u00f1o 2011 tir\u00e1bamos voladores y festej\u00e1bamos porque hab\u00eda resultado ganador un proyecto para la protecci\u00f3n costera de Cartagena de la empresa de Medell\u00edn Consorcio uni\u00f3n temporal Uni\u00f3n 6, que, sin ser la panacea, sus componentes urban\u00edsticos eran bastante decentes y acordes con la importancia de estos m\u00e1s de 7 kil\u00f3metros de costa que van desde el t\u00fanel de Crespo hasta el espol\u00f3n de Iribarren en Bocagrande. Hoy casi una d\u00e9cada despu\u00e9s Cartagena no&#8230; <\/p>\n","protected":false},"author":3,"featured_media":37257,"comment_status":"closed","ping_status":"closed","sticky":false,"template":"","format":"standard","meta":{"footnotes":"","_links_to":"","_links_to_target":""},"categories":[75,44,65],"tags":[285,288,289],"class_list":["post-37249","post","type-post","status-publish","format-standard","has-post-thumbnail","hentry","category-destacada","category-materiagris","category-opinion","tag-destacada","tag-materia-gris","tag-opinion"],"_links":{"self":[{"href":"https:\/\/revistazetta.com\/index.php?rest_route=\/wp\/v2\/posts\/37249","targetHints":{"allow":["GET"]}}],"collection":[{"href":"https:\/\/revistazetta.com\/index.php?rest_route=\/wp\/v2\/posts"}],"about":[{"href":"https:\/\/revistazetta.com\/index.php?rest_route=\/wp\/v2\/types\/post"}],"author":[{"embeddable":true,"href":"https:\/\/revistazetta.com\/index.php?rest_route=\/wp\/v2\/users\/3"}],"replies":[{"embeddable":true,"href":"https:\/\/revistazetta.com\/index.php?rest_route=%2Fwp%2Fv2%2Fcomments&post=37249"}],"version-history":[{"count":0,"href":"https:\/\/revistazetta.com\/index.php?rest_route=\/wp\/v2\/posts\/37249\/revisions"}],"wp:featuredmedia":[{"embeddable":true,"href":"https:\/\/revistazetta.com\/index.php?rest_route=\/wp\/v2\/media\/37257"}],"wp:attachment":[{"href":"https:\/\/revistazetta.com\/index.php?rest_route=%2Fwp%2Fv2%2Fmedia&parent=37249"}],"wp:term":[{"taxonomy":"category","embeddable":true,"href":"https:\/\/revistazetta.com\/index.php?rest_route=%2Fwp%2Fv2%2Fcategories&post=37249"},{"taxonomy":"post_tag","embeddable":true,"href":"https:\/\/revistazetta.com\/index.php?rest_route=%2Fwp%2Fv2%2Ftags&post=37249"}],"curies":[{"name":"wp","href":"https:\/\/api.w.org\/{rel}","templated":true}]}}