{"id":37275,"date":"2020-08-31T08:28:29","date_gmt":"2020-08-31T13:28:29","guid":{"rendered":"https:\/\/revistazetta.com\/?p=37275"},"modified":"2020-08-31T08:37:15","modified_gmt":"2020-08-31T13:37:15","slug":"ni-revocatoria-ni-destitucion-van-con-dau-analisis-de-john-zamora","status":"publish","type":"post","link":"https:\/\/revistazetta.com\/?p=37275","title":{"rendered":"Ni revocatoria ni destituci\u00f3n van con Dau \u2013 An\u00e1lisis de John Zamora"},"content":{"rendered":"<p><strong>Por John Zamora (Director de Revista Zetta 20 a\u00f1os).-<\/strong> Los escenarios son inviables. No habr\u00e1 destituci\u00f3n ni revocatoria del alcalde William Dau, quien estar\u00e1 los cuatro a\u00f1os completos al frente de la Alcald\u00eda de Cartagena, salvo que su voluntad propia, la Fiscal\u00eda o la de Dios digan otra cosa.<\/p>\n<p>Los dos escenarios eran acariciados tanto por malquerientes y opositores, como por afines que deseaban llegar por la v\u00eda del encargo al poder, as\u00ed fuere por un d\u00eda. Pero ambas figuras, que no \u201caplican\u201d para Dau, fueron mencionadas en los \u00faltimos d\u00edas por cuenta de los movimientos de revocatoria a los alcaldes de Bogot\u00e1 y Medell\u00edn, y una decisi\u00f3n que favoreci\u00f3 al desastroso excalde Petro.<\/p>\n<p>La primera -de la destituci\u00f3n- qued\u00f3 enmochilada en virtud de la decisi\u00f3n de la Corte Interamericana de Drechos Humanos en el caso del susodicho exalcalde de Bogot\u00e1, lo que tiene a la Procuradur\u00eda con un instrumento menos en su lucha contra la corrupci\u00f3n y la ineficiencia administrativa. En otras palabras, ya Fernando Carrillo no puede destituir a William Dau, y el alcalde puede seguir cant\u00e1ndole la tabla con toda la locuacidad que su inspiraci\u00f3n le dicte.<\/p>\n<p>La segunda -de la revocatoria del mandato- es sencillamente imposible de aplicar. Hay dos razones que sustentan esa inviabilidad.<\/p>\n<p>Por una parte, las normas que regulan la revocatoria del mandato est\u00e1n dise\u00f1adas mas para la \u201cratificatoria\u201d y son muy dif\u00edciles de cumplir. A\u00fan as\u00ed, en el entorno de Bogot\u00e1 o Medell\u00edn podr\u00edan abrirse paso debido a la enconada divisi\u00f3n citadina sumada al palmario incumplimiento de sus gobernantes.<\/p>\n<p>En el caso de Cartagena las voces de la revocatoria son min\u00fasculas y de bajo volumen. Realmente nadie la pide a gritos, y no hay un colectivo que aglutine con legitimidad en la causa. Despu\u00e9s de tanta interinidad, lo que menos requiere la salud pol\u00edtica de Cartagena es otra interinidad.<\/p>\n<p>Adem\u00e1s, algo que se le criti\u00f3 a Dau con sesudos argumentos, opera a su favor: su propuesta de gobierno se redujo a lucha contra los malandrines. Al no poder esperar de Dau una obra de gran estadista moderno, sino el polic\u00eda cazando ratones, est\u00e1 cumpliendo y no hay motivo de revocatoria.<\/p>\n<p>As\u00ed que eso no va: ni revocatoria ni destituci\u00f3n.<\/p>\n<p>Ser\u00e1n cuatro a\u00f1os en los que ya se sirvi\u00f3 el desayuno y se sabe como ser\u00e1 el almuerzo. Un gobernante sectario, incapaz de tender puentes con sectores que no se arrodillen, auspiciador de neo empresas pol\u00edticas que est\u00e1n cultivando con clientelismo plataformas para el Congreso, divisor social, aislado del gobierno nacional, sordo, camorrero, en fin.<\/p>\n<p>Quedar\u00e1 ver qu\u00e9 \u00e1reas de la Administraci\u00f3n son las que asumir\u00e1n el papel de tender puentes con la ciudad y cu\u00e1les seguri\u00e1n el plan autoritario en los tres a\u00f1os y cuatro meses que faltan.<\/p>\n<p>Pese a ello, no se puede perder la esperanza que llegue un halo de sensatez y el alcalde abra un o\u00eddo a voces con alto sentido de la responsabilidad ciudadana, y escuche menos a quienes lo usan para sus m\u00e1s bajos fines pol\u00edticos. Sin destituci\u00f3n ni revocatoria, ojal\u00e1 se abran los espacios para la ciudad cuya mayor\u00eda no es malandrina ni monot\u00e9m\u00e1tica ni obsesivo-colpulsiva, y quiere trabajar ahora que la reactivaci\u00f3n lo exige. Cartagena no est\u00e1 para m\u00e1s divisiones, como la inadmisible que pregona la discreta directora del IPCC al calificar a toda cr\u00edtica como de origen racista, clasista o aporof\u00f3bico. Destituyamos el sectarismo, revoquemos el malandrinismo.<\/p>\n","protected":false},"excerpt":{"rendered":"<p>Por John Zamora (Director de Revista Zetta 20 a\u00f1os).- Los escenarios son inviables. No habr\u00e1 destituci\u00f3n ni revocatoria del alcalde William Dau, quien estar\u00e1 los cuatro a\u00f1os completos al frente de la Alcald\u00eda de Cartagena, salvo que su voluntad propia, la Fiscal\u00eda o la de Dios digan otra cosa. Los dos escenarios eran acariciados tanto por malquerientes y opositores, como por afines que deseaban llegar por la v\u00eda del encargo al poder, as\u00ed fuere por un d\u00eda. Pero ambas figuras, que no \u201caplican\u201d para Dau, fueron mencionadas en los \u00faltimos&#8230; <\/p>\n","protected":false},"author":3,"featured_media":37276,"comment_status":"closed","ping_status":"closed","sticky":false,"template":"","format":"standard","meta":{"footnotes":"","_links_to":"","_links_to_target":""},"categories":[66,75,44],"tags":[314,285,288],"class_list":["post-37275","post","type-post","status-publish","format-standard","has-post-thumbnail","hentry","category-analisis","category-destacada","category-materiagris","tag-analisis","tag-destacada","tag-materia-gris"],"_links":{"self":[{"href":"https:\/\/revistazetta.com\/index.php?rest_route=\/wp\/v2\/posts\/37275","targetHints":{"allow":["GET"]}}],"collection":[{"href":"https:\/\/revistazetta.com\/index.php?rest_route=\/wp\/v2\/posts"}],"about":[{"href":"https:\/\/revistazetta.com\/index.php?rest_route=\/wp\/v2\/types\/post"}],"author":[{"embeddable":true,"href":"https:\/\/revistazetta.com\/index.php?rest_route=\/wp\/v2\/users\/3"}],"replies":[{"embeddable":true,"href":"https:\/\/revistazetta.com\/index.php?rest_route=%2Fwp%2Fv2%2Fcomments&post=37275"}],"version-history":[{"count":0,"href":"https:\/\/revistazetta.com\/index.php?rest_route=\/wp\/v2\/posts\/37275\/revisions"}],"wp:featuredmedia":[{"embeddable":true,"href":"https:\/\/revistazetta.com\/index.php?rest_route=\/wp\/v2\/media\/37276"}],"wp:attachment":[{"href":"https:\/\/revistazetta.com\/index.php?rest_route=%2Fwp%2Fv2%2Fmedia&parent=37275"}],"wp:term":[{"taxonomy":"category","embeddable":true,"href":"https:\/\/revistazetta.com\/index.php?rest_route=%2Fwp%2Fv2%2Fcategories&post=37275"},{"taxonomy":"post_tag","embeddable":true,"href":"https:\/\/revistazetta.com\/index.php?rest_route=%2Fwp%2Fv2%2Ftags&post=37275"}],"curies":[{"name":"wp","href":"https:\/\/api.w.org\/{rel}","templated":true}]}}