{"id":37278,"date":"2020-09-01T07:33:08","date_gmt":"2020-09-01T12:33:08","guid":{"rendered":"https:\/\/revistazetta.com\/?p=37278"},"modified":"2020-09-01T07:34:38","modified_gmt":"2020-09-01T12:34:38","slug":"cuatro-anos-se-tomo-procuraduria-para-formular-cargos-a-manolo-y-a-actual-gobernador","status":"publish","type":"post","link":"https:\/\/revistazetta.com\/?p=37278","title":{"rendered":"Cuatro a\u00f1os se tom\u00f3 Procuradur\u00eda para formular cargos a Manolo"},"content":{"rendered":"<p>Por hechos de diciembre de 2016, apenas ahora la Procuradur\u00eda viene a formular\u00a0 pliego de cargos contra el exalcalde de Cartagena, Manuel Vicente Duque, y a los exconcejales Vicente Blel Scaff -actual gobernador-, Edgar Mendoza Saleme y Luis Cassiani Valiente (2016 &#8211; 2019), por presuntamente comprometer vigencias futuras por 15 a\u00f1os por $343.067 millones para ejecutar obras de saneamiento b\u00e1sico.<\/p>\n<p>La Procuradur\u00eda no explic\u00f3 a qu\u00e9 se debe la lentitud en sus procesos ni por qu\u00e9 se ocupa con tanto inter\u00e9s en este caso. Sin embargo, expidi\u00f3 este comunicado:<\/p>\n<p><span style=\"color: #000080;\"><em>A los exconcejales se les cuestion\u00f3 porque aparentemente votaron de manera afirmativa el Proyecto de Acuerdo 039 de 2016, que posteriormente se convirti\u00f3 en el Acuerdo No. 023 del 27 de diciembre de 2016, aprobando vigencias futuras excepcionales, sin que se cumplieran los requisitos y las reglas previstas en la ley para la aplicaci\u00f3n de esta figura presupuestal, con lo que pudieron incurrir en el delito de prevaricato por acci\u00f3n.<\/em><\/span><\/p>\n<p><span style=\"color: #000080;\"><em>En el caso del exmandatario local se le formul\u00f3 el cargo por presentar el proyecto de Acuerdo No. 023, por medio del cual se autoriz\u00f3 al Alcalde Mayor del Distrito Tur\u00edstico y Cultural de Cartagena de Indias, para que, por el t\u00e9rmino de 15 a\u00f1os, contados a partir de la vigencia fiscal 2017 y hasta 2031, pudiera transferir anualmente a la Edurbe S.A. (Empresa de Desarrollo Urbano) los recursos que recib\u00eda el ente territorial del Sistema General de Participaciones.<\/em><\/span><\/p>\n<p><span style=\"color: #000080;\"><em>Al parecer, producto de la aprobaci\u00f3n del acuerdo el exmandatario local celebr\u00f3 el Convenio Interadministrativo No. 004, del 2 de febrero de 2017, con la Empresa de Desarrollo Urbano, sin que presuntamente adelantara el tr\u00e1mite y cumpliera con los requisitos previstos en la ley para su aprobaci\u00f3n y ejecuci\u00f3n. \u00a0<\/em><\/span><\/p>\n<p><span style=\"color: #000080;\"><em>La Procuradur\u00eda record\u00f3 que sobre este tema el Tribunal Administrativo de Bol\u00edvar declar\u00f3 la invalidez del acuerdo por encontrarlo violatorio de la Ley 1483 de 2011 y su Decreto Reglamentario 2767 de 2012, y en su decisi\u00f3n indic\u00f3 que al haberse autorizado al alcalde distrital para transferir los recursos del Sistema General de Participaciones a la Empresa Edurbe se violaron las normas presupuestales de disciplina fiscal.<\/em><\/span><\/p>\n<p><span style=\"color: #000080;\"><em>El ente de control reproch\u00f3 a los investigados la presunta violaci\u00f3n de normas que regulan la aprobaci\u00f3n de vigencias futuras y el desconocimiento del principio de moralidad administrativa de la funci\u00f3n p\u00fablica.<\/em><\/span><\/p>\n<p><span style=\"color: #000080;\"><em>La Procuradur\u00eda calific\u00f3 de manera provisional la presunta falta de los investigados como grav\u00edsima a t\u00edtulo de dolo.<\/em><\/span><\/p>\n","protected":false},"excerpt":{"rendered":"<p>Por hechos de diciembre de 2016, apenas ahora la Procuradur\u00eda viene a formular\u00a0 pliego de cargos contra el exalcalde de Cartagena, Manuel Vicente Duque, y a los exconcejales Vicente Blel Scaff -actual gobernador-, Edgar Mendoza Saleme y Luis Cassiani Valiente (2016 &#8211; 2019), por presuntamente comprometer vigencias futuras por 15 a\u00f1os por $343.067 millones para ejecutar obras de saneamiento b\u00e1sico. La Procuradur\u00eda no explic\u00f3 a qu\u00e9 se debe la lentitud en sus procesos ni por qu\u00e9 se ocupa con tanto inter\u00e9s en este caso. Sin embargo, expidi\u00f3 este comunicado: A&#8230; <\/p>\n","protected":false},"author":3,"featured_media":37279,"comment_status":"closed","ping_status":"closed","sticky":false,"template":"","format":"standard","meta":{"footnotes":"","_links_to":"","_links_to_target":""},"categories":[75],"tags":[298],"class_list":["post-37278","post","type-post","status-publish","format-standard","has-post-thumbnail","hentry","category-destacada","tag-politica"],"_links":{"self":[{"href":"https:\/\/revistazetta.com\/index.php?rest_route=\/wp\/v2\/posts\/37278","targetHints":{"allow":["GET"]}}],"collection":[{"href":"https:\/\/revistazetta.com\/index.php?rest_route=\/wp\/v2\/posts"}],"about":[{"href":"https:\/\/revistazetta.com\/index.php?rest_route=\/wp\/v2\/types\/post"}],"author":[{"embeddable":true,"href":"https:\/\/revistazetta.com\/index.php?rest_route=\/wp\/v2\/users\/3"}],"replies":[{"embeddable":true,"href":"https:\/\/revistazetta.com\/index.php?rest_route=%2Fwp%2Fv2%2Fcomments&post=37278"}],"version-history":[{"count":0,"href":"https:\/\/revistazetta.com\/index.php?rest_route=\/wp\/v2\/posts\/37278\/revisions"}],"wp:featuredmedia":[{"embeddable":true,"href":"https:\/\/revistazetta.com\/index.php?rest_route=\/wp\/v2\/media\/37279"}],"wp:attachment":[{"href":"https:\/\/revistazetta.com\/index.php?rest_route=%2Fwp%2Fv2%2Fmedia&parent=37278"}],"wp:term":[{"taxonomy":"category","embeddable":true,"href":"https:\/\/revistazetta.com\/index.php?rest_route=%2Fwp%2Fv2%2Fcategories&post=37278"},{"taxonomy":"post_tag","embeddable":true,"href":"https:\/\/revistazetta.com\/index.php?rest_route=%2Fwp%2Fv2%2Ftags&post=37278"}],"curies":[{"name":"wp","href":"https:\/\/api.w.org\/{rel}","templated":true}]}}