{"id":37281,"date":"2020-09-01T07:48:44","date_gmt":"2020-09-01T12:48:44","guid":{"rendered":"https:\/\/revistazetta.com\/?p=37281"},"modified":"2020-09-01T07:49:01","modified_gmt":"2020-09-01T12:49:01","slug":"alcaldia-encontro-padrinos-para-parques-de-san-fernando-y-fernandez-de-madrid","status":"publish","type":"post","link":"https:\/\/revistazetta.com\/?p=37281","title":{"rendered":"Alcald\u00eda encontr\u00f3 padrinos para parques de San Fernando y Fern\u00e1ndez de Madrid"},"content":{"rendered":"<p>El Distrito entreg\u00f3 formalmente dos convenios de adopci\u00f3n a una IPS y a una Fundaci\u00f3n que mostraron su inter\u00e9s y cumplieron los requisitos para ser adoptantes de parques y zonas verdes en la ciudad.<\/p>\n<p>Se trata de Gesti\u00f3n Salud IPS San Fernando, quien asume el cuidado y conservaci\u00f3n del parque de San Fernando; y Fundaci\u00f3n Centro Hist\u00f3rico, que se encargar\u00e1 del parque Fern\u00e1ndez de Madrid. El gerente de Espacio P\u00fablico y Movilidad, Ausberto Coneo Caicedo y la l\u00edder del \u00e1rea de Sostenibilidad de la entidad, Martha Rojas, realizaron la entrega de los convenios de adopci\u00f3n suscritos a trav\u00e9s del Comit\u00e9 de Parques y Zonas Verdes.<\/p>\n<p>\u201cEste proceso de adopci\u00f3n es importante porque permite que estos espacios naturales se mantengan en buenas condiciones para el uso y disfrute de las comunidades que est\u00e1n alrededor de estos espacios\u201d, se\u00f1al\u00f3 Coneo Caicedo.<\/p>\n<p>Por su parte, el presidente de la Junta de Acci\u00f3n Comunal de San Fernando, Manuel Buend\u00eda Hern\u00e1ndez, indic\u00f3: \u201cse nos va a hacer realidad, de que el barrio San Fernando tenga un parque con todos sus equipos, que es lo que siempre hemos anhelado. Estamos muy agradecidos de estos momentos porque es una lucha que se ven\u00eda dando\u201d.<\/p>\n<p>As\u00ed mismo, la Gerencia de Espacio P\u00fablico y Movilidad, la cual ejerce la Secretar\u00eda T\u00e9cnica de la supervisi\u00f3n de estos convenios, har\u00e1 el respectivo seguimiento, cada tres meses, para la inspecci\u00f3n del mantenimiento y las acciones ejecutadas por parte de los adoptantes.<\/p>\n<p>El llamado es que m\u00e1s personas naturales o jur\u00eddicas se vinculen a esta labor de preservaci\u00f3n de las zonas verdes y parques distritales. La convocatoria para el env\u00edo de solicitudes se mantiene abierta, pueden enviarlas a trav\u00e9s del correo institucional: atencionalciudadano@cartagena.gov.co.<\/p>\n","protected":false},"excerpt":{"rendered":"<p>El Distrito entreg\u00f3 formalmente dos convenios de adopci\u00f3n a una IPS y a una Fundaci\u00f3n que mostraron su inter\u00e9s y cumplieron los requisitos para ser adoptantes de parques y zonas verdes en la ciudad. Se trata de Gesti\u00f3n Salud IPS San Fernando, quien asume el cuidado y conservaci\u00f3n del parque de San Fernando; y Fundaci\u00f3n Centro Hist\u00f3rico, que se encargar\u00e1 del parque Fern\u00e1ndez de Madrid. El gerente de Espacio P\u00fablico y Movilidad, Ausberto Coneo Caicedo y la l\u00edder del \u00e1rea de Sostenibilidad de la entidad, Martha Rojas, realizaron la entrega&#8230; <\/p>\n","protected":false},"author":3,"featured_media":37284,"comment_status":"closed","ping_status":"closed","sticky":false,"template":"","format":"standard","meta":{"footnotes":"","_links_to":"","_links_to_target":""},"categories":[32],"tags":[296],"class_list":["post-37281","post","type-post","status-publish","format-standard","has-post-thumbnail","hentry","category-actualidad-distrito","tag-distrito"],"_links":{"self":[{"href":"https:\/\/revistazetta.com\/index.php?rest_route=\/wp\/v2\/posts\/37281","targetHints":{"allow":["GET"]}}],"collection":[{"href":"https:\/\/revistazetta.com\/index.php?rest_route=\/wp\/v2\/posts"}],"about":[{"href":"https:\/\/revistazetta.com\/index.php?rest_route=\/wp\/v2\/types\/post"}],"author":[{"embeddable":true,"href":"https:\/\/revistazetta.com\/index.php?rest_route=\/wp\/v2\/users\/3"}],"replies":[{"embeddable":true,"href":"https:\/\/revistazetta.com\/index.php?rest_route=%2Fwp%2Fv2%2Fcomments&post=37281"}],"version-history":[{"count":0,"href":"https:\/\/revistazetta.com\/index.php?rest_route=\/wp\/v2\/posts\/37281\/revisions"}],"wp:featuredmedia":[{"embeddable":true,"href":"https:\/\/revistazetta.com\/index.php?rest_route=\/wp\/v2\/media\/37284"}],"wp:attachment":[{"href":"https:\/\/revistazetta.com\/index.php?rest_route=%2Fwp%2Fv2%2Fmedia&parent=37281"}],"wp:term":[{"taxonomy":"category","embeddable":true,"href":"https:\/\/revistazetta.com\/index.php?rest_route=%2Fwp%2Fv2%2Fcategories&post=37281"},{"taxonomy":"post_tag","embeddable":true,"href":"https:\/\/revistazetta.com\/index.php?rest_route=%2Fwp%2Fv2%2Ftags&post=37281"}],"curies":[{"name":"wp","href":"https:\/\/api.w.org\/{rel}","templated":true}]}}