{"id":37341,"date":"2020-09-07T08:48:06","date_gmt":"2020-09-07T13:48:06","guid":{"rendered":"https:\/\/revistazetta.com\/?p=37341"},"modified":"2020-09-07T08:48:06","modified_gmt":"2020-09-07T13:48:06","slug":"diplomado-de-universidad-los-libertadores-para-gestores-culturales","status":"publish","type":"post","link":"https:\/\/revistazetta.com\/?p=37341","title":{"rendered":"Diplomado de Universidad Los Libertadores para gestores culturales"},"content":{"rendered":"<div class=\"page\" title=\"Page 1\">\n<div class=\"layoutArea\">\n<div class=\"column\">\n<p>La Fundaci\u00f3n Universitaria Los Libertadores desarrollar\u00e1 un Diplomado en Pensamiento Hipermedia Aplicado a la Promoci\u00f3n Cultural de Cartagena de Indias, dirigido a gestores culturales.<\/p>\n<p>\u201cCon la Administraci\u00f3n Distrital coincidimos en sue\u00f1os y prop\u00f3sitos de ciudad. Queremos aportar para convertir a Cartagena, como lo dice su Plan de Desarrollo, en potencia local, nacional e internacional; so\u00f1amos con una Cartagena inteligente, cultural, digital y universitaria\u201d, dijo Patricia Mart\u00ednez Barrios, rectora de Los Libertadores, durante la firma del acuerdo.<\/p>\n<p>Los Libertadores es instituci\u00f3n pionera en el Dise\u00f1o Hipermedia, programa educativo \u00fanico en el pa\u00eds que re\u00fane arte, dise\u00f1o y tecnolog\u00eda para responder a los desaf\u00edos actuales; y se constituye en una gran apuesta a la innovaci\u00f3n, al dise\u00f1o de experiencias y a las industrias creativas y culturales, que en este caso har\u00e1 un gran aporte al sector del turismo de Cartagena.<\/p>\n<p>Tambi\u00e9n estuvo presente Carmen Luz de Pretelt, directora de la sede Cartagena de Los Libertadores, quien asegur\u00f3 que \u201cHacemos historia con la inserci\u00f3n de la hipermedia en un sector clave para la econom\u00eda local y de esta manera seguimosaportando a la transformaci\u00f3n social del pa\u00eds\u201d.<\/p>\n<\/div>\n<\/div>\n<div class=\"layoutArea\">\n<div class=\"column\">\n<p>Cartagena, 5 de septiembre de 2020<\/p>\n<\/div>\n<\/div>\n<\/div>\n<div class=\"page\" title=\"Page 2\">\n<div class=\"layoutArea\">\n<div class=\"column\">\n<p>\u201cEst\u00e1n dadas las condiciones para retomar la idea de ciudad educadora, inteligente y cultural, y repotenciarla en un concepto m\u00e1s actual y poderoso que es el de ciudad del conocimiento, inteligente e hipermedial. Esta idea debe juntar los distintos actores para convertir a Cartagena en polo de atracci\u00f3n de inversionistas de talla mundial, un hub &#8211; como lo ha dicho el alcalde William Dau- de universidades, centros de investigaci\u00f3n, innovaci\u00f3n y cultura\u201d, puntualiz\u00f3 Patricia Mart\u00ednez en el encuentro con directivos de la entidad distrital asignada para cultura.<\/p>\n<p>Quienes deseen postularse al diplomado deben estar atentos a la informaci\u00f3n que publicar\u00e1 el IPCC en su p\u00e1gina oficial, con el cronograma y requisitos para aprovechar esta gran oportunidad de formaci\u00f3n.<\/p>\n<p>La Instituci\u00f3n<\/p>\n<p>Desde su fundaci\u00f3n, en 1982, La Fundaci\u00f3n Universitaria Los Libertadores ha impulsado la transformaci\u00f3n social en el pa\u00eds a trav\u00e9s de educaci\u00f3n superior de alta calidad. Su sede principal est\u00e1 en Bogot\u00e1 y a Cartagena llego hace 18 a\u00f1os y funciona en una moderna sede ubicada en el barrio Pie de la Popa.<\/p>\n<p>Son 38 a\u00f1os durante los cuales la Instituci\u00f3n se ha destacado por estar a la vanguardia con estrategias pedag\u00f3gicas innovadoras, ofrecer flexibilidad a sus estudiantes para trabajar y estudiar, utilizar la m\u00e1s moderna tecnolog\u00eda para sus contenidos y plataformas educativas, y por su aporte al desarrollo y la movilidad social.<\/p>\n<p>Tiene m\u00e1s de 7.300 estudiantes activos, m\u00e1s de 107.000 egresados y 5 facultades con 44 programas interdisciplinarios que ofrece desde sus sedes en Bogot\u00e1 y Cartagena.<\/p>\n<\/div>\n<\/div>\n<\/div>\n","protected":false},"excerpt":{"rendered":"<p>La Fundaci\u00f3n Universitaria Los Libertadores desarrollar\u00e1 un Diplomado en Pensamiento Hipermedia Aplicado a la Promoci\u00f3n Cultural de Cartagena de Indias, dirigido a gestores culturales. \u201cCon la Administraci\u00f3n Distrital coincidimos en sue\u00f1os y prop\u00f3sitos de ciudad. Queremos aportar para convertir a Cartagena, como lo dice su Plan de Desarrollo, en potencia local, nacional e internacional; so\u00f1amos con una Cartagena inteligente, cultural, digital y universitaria\u201d, dijo Patricia Mart\u00ednez Barrios, rectora de Los Libertadores, durante la firma del acuerdo. Los Libertadores es instituci\u00f3n pionera en el Dise\u00f1o Hipermedia, programa educativo \u00fanico en el&#8230; <\/p>\n","protected":false},"author":3,"featured_media":37342,"comment_status":"closed","ping_status":"closed","sticky":false,"template":"","format":"standard","meta":{"footnotes":"","_links_to":"","_links_to_target":""},"categories":[3,51],"tags":[],"class_list":["post-37341","post","type-post","status-publish","format-standard","has-post-thumbnail","hentry","category-ciudad","category-universidad"],"_links":{"self":[{"href":"https:\/\/revistazetta.com\/index.php?rest_route=\/wp\/v2\/posts\/37341","targetHints":{"allow":["GET"]}}],"collection":[{"href":"https:\/\/revistazetta.com\/index.php?rest_route=\/wp\/v2\/posts"}],"about":[{"href":"https:\/\/revistazetta.com\/index.php?rest_route=\/wp\/v2\/types\/post"}],"author":[{"embeddable":true,"href":"https:\/\/revistazetta.com\/index.php?rest_route=\/wp\/v2\/users\/3"}],"replies":[{"embeddable":true,"href":"https:\/\/revistazetta.com\/index.php?rest_route=%2Fwp%2Fv2%2Fcomments&post=37341"}],"version-history":[{"count":0,"href":"https:\/\/revistazetta.com\/index.php?rest_route=\/wp\/v2\/posts\/37341\/revisions"}],"wp:featuredmedia":[{"embeddable":true,"href":"https:\/\/revistazetta.com\/index.php?rest_route=\/wp\/v2\/media\/37342"}],"wp:attachment":[{"href":"https:\/\/revistazetta.com\/index.php?rest_route=%2Fwp%2Fv2%2Fmedia&parent=37341"}],"wp:term":[{"taxonomy":"category","embeddable":true,"href":"https:\/\/revistazetta.com\/index.php?rest_route=%2Fwp%2Fv2%2Fcategories&post=37341"},{"taxonomy":"post_tag","embeddable":true,"href":"https:\/\/revistazetta.com\/index.php?rest_route=%2Fwp%2Fv2%2Ftags&post=37341"}],"curies":[{"name":"wp","href":"https:\/\/api.w.org\/{rel}","templated":true}]}}