{"id":37343,"date":"2020-09-07T17:06:14","date_gmt":"2020-09-07T22:06:14","guid":{"rendered":"https:\/\/revistazetta.com\/?p=37343"},"modified":"2020-09-07T17:21:24","modified_gmt":"2020-09-07T22:21:24","slug":"rafael-simon-del-castillo-renuncio-a-la-junta-directiva-de-camcomercio-cartagena","status":"publish","type":"post","link":"https:\/\/revistazetta.com\/?p=37343","title":{"rendered":"Rafael Sim\u00f3n del Castillo renunci\u00f3 a la Junta Directiva de CamComercio Cartagena"},"content":{"rendered":"<p>El empresario Rafael Sim\u00f3n del Castillo renunci\u00f3 a su asiento en la Junta Directiva de la C\u00e1mara de Comercio de Cartagena, donde actuaba en representaci\u00f3n del gobierno nacional.<\/p>\n<p>Trascendi\u00f3 que Del Castillo tiene ocupaciones que le impiden dedicarle el debido tiempo a sus responsabildiades en la C\u00e1mara de Comercio, por lo que present\u00f3 su renuncia el pasado viernes.<\/p>\n<p>Del Castillo es presidente de Novus Civitas, la firma responsable del desarrollo del proyecto urban\u00edstico Serena del Mar.<\/p>\n<p>\u00abQuiero dedicarme a Serena al 100%\u00a0de mi atenci\u00f3n ante la inminencia apertura del hospital y lanzamiento de nuevos proyectos. Gran logro y desde Serena contribuyo enormemente al desarrollo de nuestra ciudad\u00bb, dijo en una declaraci\u00f3n para Revista Zetta.<\/p>\n<p>Los actuales representantes del gobierno nacional en la Junta Directiva son Mart\u00edn Echeverr\u00eda, Fabian Giraldo y Rafael Sim\u00f3n del Castillo (principales) y Jos\u00e9 David Morales y Mauricio Vilegas (suplentes). Hay un suplente a\u00fan no nombrado.<\/p>\n<p>Los otros miembros de la Junta (seis principales y seis suplentes) son elegidos directamente por los afiliados.<\/p>\n<p>Seg\u00fan fuentes reservadas, el gobierno nacional tiene algunos nombres en la baraja para sucederlo, entre ellos el de Bernard Gildchrist, quien hace dos d\u00e9cadas fue presidente ejecutivo de esa entidad, luego pas\u00f3 al cargo de Zar Anticorrupci\u00f3n en el gobierno de Andr\u00e9s Pastrana, y luego regres\u00f3 al sector privado en el \u00e1rea de las zonas francas. No obstante, no hay decisi\u00f3n oficial hasta el momento.<\/p>\n<p>Esta es la carta de renuncia del Del Castillo:<\/p>\n<div class=\"page\" title=\"Page 1\">\n<div class=\"layoutArea\">\n<div class=\"column\">\n<p><span style=\"color: #000080;\"><em>Cartagena de Indias, 2 de septiembre de 2020<\/em><\/span><\/p>\n<\/div>\n<\/div>\n<div class=\"layoutArea\">\n<div class=\"column\">\n<p><span style=\"color: #000080;\"><em>Se\u00f1ores<\/em><\/span><br \/>\n<span style=\"color: #000080;\"><em>Junta Directiva<\/em><\/span><br \/>\n<span style=\"color: #000080;\"><em>C\u00e1mara de Comercio de Cartagena<\/em><\/span><\/p>\n<p><span style=\"color: #000080;\"><em>Apreciados se\u00f1ores,<\/em><\/span><\/p>\n<\/div>\n<div class=\"column\">\n<p><span style=\"color: #000080;\"><em>Atn: Se\u00f1or Camilo Ram\u00edrez Casta\u00f1o Presidente Junta Directiva<\/em><\/span><\/p>\n<\/div>\n<\/div>\n<div class=\"layoutArea\">\n<div class=\"column\">\n<p><span style=\"color: #000080;\"><em>Espero que se encuentren bien, al igual que sus familias y seres queridos en medio de este retador momento por el que estamos atravesando.<\/em><\/span><\/p>\n<p><span style=\"color: #000080;\"><em>El prop\u00f3sito de esta comunicaci\u00f3n es presentar mi renuncia irrevocable a la Junta Directiva de la C\u00e1mara de Comercio de Cartagena. Dicha decisi\u00f3n se deriva del momento en el que se encuentra Serena del Mar, que avanza en firme en su consolidaci\u00f3n y que alcanzar\u00e1, en unos meses, uno de los hitos m\u00e1s relevantes, con la apertura del Centro Hospitalario Serena del Mar. Su desarrollo progresivo y permanente ha conllevado a una mayor concentraci\u00f3n y enfoque de mi parte, cada d\u00eda.<\/em><\/span><\/p>\n<p><span style=\"color: #000080;\"><em>Agradezco a la Junta Directiva, al Presidente de la CCC y por supuesto a los afiliados, por estos a\u00f1os de trabajo, ha sido para m\u00ed un motivo de orgullo ser parte de este espacio y aportar a la consolidaci\u00f3n de nuestra ciudad.<\/em><\/span><\/p>\n<p><span style=\"color: #000080;\"><em>Quiero aprovechar esta comunicaci\u00f3n para destacar la relevancia de la labor que se adelanta desde la C\u00e1mara de Comercio y el rol que tiene en medio de la actual coyuntura, de la que quedar\u00e1n secuelas muy profundas, especialmente en algunos sectores.<\/em><\/span><\/p>\n<\/div>\n<\/div>\n<\/div>\n<div class=\"page\" title=\"Page 2\">\n<div class=\"layoutArea\">\n<div class=\"column\">\n<p><span style=\"color: #000080;\"><em>Rafael Sim\u00f3n del Castillo Trucco<\/em><\/span><\/p>\n<\/div>\n<\/div>\n<div class=\"layoutArea\">\n<div class=\"column\">\n<p><span style=\"color: #000080;\"><em>A pesar del fuerte impacto econ\u00f3mico que est\u00e1 generando la pandemia, hemos podido evidenciar como nuestra ciudad tiene tres motores que lo jalonan y que sin duda ser\u00e1n claves para la recuperaci\u00f3n paulatina que tendremos que afrontar en los pr\u00f3ximos meses. Es as\u00ed como, a pesar del impacto que afronta el turismo, gracias al empuje del sector industrial y portuario de Cartagena pudimos proteger miles de empleos en la ciudad.<\/em><\/span><\/p>\n<p><span style=\"color: #000080;\"><em>Ahora solo nos resta seguir trabajando en pro de nuestra amada Cartagena. Personalmente, y a pesar de las dificultades, veo el futuro con optimismo, estoy seguro de que lograremos recuperarnos y que con el trabajo de todos saldremos adelante.<\/em><\/span><\/p>\n<p><span style=\"color: #000080;\"><em>Antes de despedirme quiero ratificar mi compromiso con la ciudad y con nuestro sector empresarial. En tal sentido, estar\u00e9 siempre disponible para apoyar a la C\u00e1mara de Comercio y a las dem\u00e1s instituciones gremiales que requieran de mi apoyo y trabajo.<\/em><\/span><\/p>\n<p><span style=\"color: #000080;\"><em>Ha sido un honor.<\/em><\/span><br \/>\n<span style=\"color: #000080;\"><em>Muchas gracias.<\/em><\/span><br \/>\n<span style=\"color: #000080;\"><em>Un saludo,<\/em><\/span><br \/>\n<span style=\"color: #000080;\"><em>Rafael Sim\u00f3n del Castillo Trucco<\/em><\/span><\/p>\n<p><img loading=\"lazy\" decoding=\"async\" class=\"size-medium wp-image-37347 aligncenter\" src=\"https:\/\/revistazetta.com\/wp-content\/uploads\/2020\/09\/Captura-de-Pantalla-2020-09-07-a-las-5.17.22-p.-m.-314x400.png\" alt=\"\" width=\"314\" height=\"400\" srcset=\"https:\/\/revistazetta.com\/wp-content\/uploads\/2020\/09\/Captura-de-Pantalla-2020-09-07-a-las-5.17.22-p.-m.-314x400.png 314w, https:\/\/revistazetta.com\/wp-content\/uploads\/2020\/09\/Captura-de-Pantalla-2020-09-07-a-las-5.17.22-p.-m..png 774w\" sizes=\"auto, (max-width: 314px) 100vw, 314px\" \/><\/p>\n<p><img loading=\"lazy\" decoding=\"async\" class=\"size-medium wp-image-37348 aligncenter\" src=\"https:\/\/revistazetta.com\/wp-content\/uploads\/2020\/09\/Captura-de-Pantalla-2020-09-07-a-las-5.17.31-p.-m.-349x400.png\" alt=\"\" width=\"349\" height=\"400\" srcset=\"https:\/\/revistazetta.com\/wp-content\/uploads\/2020\/09\/Captura-de-Pantalla-2020-09-07-a-las-5.17.31-p.-m.-349x400.png 349w, https:\/\/revistazetta.com\/wp-content\/uploads\/2020\/09\/Captura-de-Pantalla-2020-09-07-a-las-5.17.31-p.-m..png 770w\" sizes=\"auto, (max-width: 349px) 100vw, 349px\" \/><\/p>\n<\/div>\n<\/div>\n<\/div>\n<p>&nbsp;<\/p>\n","protected":false},"excerpt":{"rendered":"<p>El empresario Rafael Sim\u00f3n del Castillo renunci\u00f3 a su asiento en la Junta Directiva de la C\u00e1mara de Comercio de Cartagena, donde actuaba en representaci\u00f3n del gobierno nacional. Trascendi\u00f3 que Del Castillo tiene ocupaciones que le impiden dedicarle el debido tiempo a sus responsabildiades en la C\u00e1mara de Comercio, por lo que present\u00f3 su renuncia el pasado viernes. Del Castillo es presidente de Novus Civitas, la firma responsable del desarrollo del proyecto urban\u00edstico Serena del Mar. \u00abQuiero dedicarme a Serena al 100%\u00a0de mi atenci\u00f3n ante la inminencia apertura del hospital&#8230; <\/p>\n","protected":false},"author":3,"featured_media":37345,"comment_status":"closed","ping_status":"closed","sticky":false,"template":"","format":"standard","meta":{"footnotes":"","_links_to":"","_links_to_target":""},"categories":[3,50],"tags":[292,285,306],"class_list":["post-37343","post","type-post","status-publish","format-standard","has-post-thumbnail","hentry","category-ciudad","category-empresa","tag-ciudad","tag-destacada","tag-empresa"],"_links":{"self":[{"href":"https:\/\/revistazetta.com\/index.php?rest_route=\/wp\/v2\/posts\/37343","targetHints":{"allow":["GET"]}}],"collection":[{"href":"https:\/\/revistazetta.com\/index.php?rest_route=\/wp\/v2\/posts"}],"about":[{"href":"https:\/\/revistazetta.com\/index.php?rest_route=\/wp\/v2\/types\/post"}],"author":[{"embeddable":true,"href":"https:\/\/revistazetta.com\/index.php?rest_route=\/wp\/v2\/users\/3"}],"replies":[{"embeddable":true,"href":"https:\/\/revistazetta.com\/index.php?rest_route=%2Fwp%2Fv2%2Fcomments&post=37343"}],"version-history":[{"count":0,"href":"https:\/\/revistazetta.com\/index.php?rest_route=\/wp\/v2\/posts\/37343\/revisions"}],"wp:featuredmedia":[{"embeddable":true,"href":"https:\/\/revistazetta.com\/index.php?rest_route=\/wp\/v2\/media\/37345"}],"wp:attachment":[{"href":"https:\/\/revistazetta.com\/index.php?rest_route=%2Fwp%2Fv2%2Fmedia&parent=37343"}],"wp:term":[{"taxonomy":"category","embeddable":true,"href":"https:\/\/revistazetta.com\/index.php?rest_route=%2Fwp%2Fv2%2Fcategories&post=37343"},{"taxonomy":"post_tag","embeddable":true,"href":"https:\/\/revistazetta.com\/index.php?rest_route=%2Fwp%2Fv2%2Ftags&post=37343"}],"curies":[{"name":"wp","href":"https:\/\/api.w.org\/{rel}","templated":true}]}}