{"id":37349,"date":"2020-09-08T06:39:44","date_gmt":"2020-09-08T11:39:44","guid":{"rendered":"https:\/\/revistazetta.com\/?p=37349"},"modified":"2020-09-08T07:50:42","modified_gmt":"2020-09-08T12:50:42","slug":"gobernador-cita-consejo-de-seguridad-y-pide-apoyo-al-gobierno-nacional-ante-incremento-de-muertes-violentas","status":"publish","type":"post","link":"https:\/\/revistazetta.com\/?p=37349","title":{"rendered":"Gobernador cita Consejo de Seguridad y pide apoyo al gobierno nacional ante incremento de muertes violentas"},"content":{"rendered":"<p>Ante las masacres registradas en Simit\u00ed y el Carmen de Bol\u00edvar, el gobernador Vicente Blel Scaff convoc\u00f3 de manera urgente un consejo de seguridad y pidi\u00f3 apoyo al gobierno nacional para enfrentar la situaci\u00f3n.<\/p>\n<p>\u00abLa tristeza nos embarga por hechos violentos registrados. El Carmen de Bol\u00edvar, Simit\u00ed y Arjona con v\u00edctimas y ciudadanos atemorizados. Sr presidente Iv\u00e1n Duque, se\u00f1or Ministro de Defensa,\u00a0nuestro pueblo nos necesita en el territorio y contamos con ustedes\u00bb, dijo en un trino en su cuenta de Twitter,\u00a0y anunci\u00f3 que toda la fuerza p\u00fablica se trasladar\u00e1 a las zonas para determinar acciones concretas para preservar el orden y la vida.<\/p>\n<p>\u00abHe solicitado la movilizaci\u00f3n de los altos mandos militares de la zona a Simit\u00ed y El Carmen de Bol\u00edvar para operar con acciones de contenci\u00f3n, que esclarezcan los m\u00f3viles de los recientes hechos violentos y dar con la captura y judicializaci\u00f3n de los asesinos\u00bb, dijo el giobernador.<\/p>\n<p>El gobernador pidi\u00f3 al Gobierno Nacional y la c\u00fapula Militar inmediato acompa\u00f1amiento y aumento de pie de fuerza para hacer toma presencial en Sur y Montes de Mar\u00eda. \u00abDerrotar el miedo y asegurar la vida de nuestra gente se logra con medidas contundentes y trabajando articulados\u00bb.<\/p>\n<p><strong>Hechos<\/strong><\/p>\n<p>Las incursiones de los asesinos se presentaron en \u00e1rea rural de Monterrey, municipio de Simit\u00ed, sur de Bol\u00edvar, d\u00f3nde fueron asesinadas a balazos tres personas que se movilizaban en motos.<\/p>\n<p>Los criminales, sin darles tiempo a defenderse los atacaron y les causaron la muerte en forma instant\u00e1nea, y hasta el momento se desconocen las identidades de los fallecidos.<\/p>\n<p>Todav\u00eda la comunidad bolivarense no se repon\u00eda de esta masacre, cuando en la noche de este lunes y a pocas horas del triple homicidio del sur de Bol\u00edvar, en una zona perif\u00e9rica de El Carmen de Bol\u00edvar un grupo de desconocidos irrumpi\u00f3 en el barrio Villa Mar\u00eda y sin mediar palabra alguna, acribillaron a cuatro personas, entre ellas un menor de 17 a\u00f1os y dej\u00f3 otras dos heridas.<\/p>\n<p>Los atacantes una vez ejecutaron la acci\u00f3n criminal huyeron del lugar en motocicletas.<\/p>\n<p>La Polic\u00eda de Bol\u00edvar confirm\u00f3 que en este lamentable episodio murieron Jes\u00fas David Ben\u00edtez Pineda, de 18 a\u00f1os de edad, Farith, menor de 17 a\u00f1os edad, quienes fallecen en el mismo lugar del ataque sicarial, Jorge Mar\u00eda Garc\u00eda Barrios, de 37 a\u00f1os de edad, hab\u00eda sido trasladado a un centro m\u00e9dico de la ciudad de Sincelejo y Deivi Ronaldo Montes Parra, de 27 a\u00f1os de edad, quien era atendido en el hospital local El Carmen de Bol\u00edvar.<\/p>\n<p>Los heridos responden\u00a0 a los nombres de Jes\u00fas Alberto Vega Villegas de 27 a\u00f1os de edad y Mois\u00e9s Daniel Carbaja Se\u00f1as de 21 a\u00f1os de edad, quienes son atendidos en el hospital local de El Carmen de<br \/>\nBol\u00edvar.<\/p>\n","protected":false},"excerpt":{"rendered":"<p>Ante las masacres registradas en Simit\u00ed y el Carmen de Bol\u00edvar, el gobernador Vicente Blel Scaff convoc\u00f3 de manera urgente un consejo de seguridad y pidi\u00f3 apoyo al gobierno nacional para enfrentar la situaci\u00f3n. \u00abLa tristeza nos embarga por hechos violentos registrados. El Carmen de Bol\u00edvar, Simit\u00ed y Arjona con v\u00edctimas y ciudadanos atemorizados. Sr presidente Iv\u00e1n Duque, se\u00f1or Ministro de Defensa,\u00a0nuestro pueblo nos necesita en el territorio y contamos con ustedes\u00bb, dijo en un trino en su cuenta de Twitter,\u00a0y anunci\u00f3 que toda la fuerza p\u00fablica se trasladar\u00e1 a&#8230; <\/p>\n","protected":false},"author":3,"featured_media":37364,"comment_status":"closed","ping_status":"closed","sticky":false,"template":"","format":"standard","meta":{"footnotes":"","_links_to":"","_links_to_target":""},"categories":[33,75,80],"tags":[73,285,300],"class_list":["post-37349","post","type-post","status-publish","format-standard","has-post-thumbnail","hentry","category-actualidad-bolivar","category-destacada","category-region","tag-bolivar","tag-destacada","tag-region"],"_links":{"self":[{"href":"https:\/\/revistazetta.com\/index.php?rest_route=\/wp\/v2\/posts\/37349","targetHints":{"allow":["GET"]}}],"collection":[{"href":"https:\/\/revistazetta.com\/index.php?rest_route=\/wp\/v2\/posts"}],"about":[{"href":"https:\/\/revistazetta.com\/index.php?rest_route=\/wp\/v2\/types\/post"}],"author":[{"embeddable":true,"href":"https:\/\/revistazetta.com\/index.php?rest_route=\/wp\/v2\/users\/3"}],"replies":[{"embeddable":true,"href":"https:\/\/revistazetta.com\/index.php?rest_route=%2Fwp%2Fv2%2Fcomments&post=37349"}],"version-history":[{"count":0,"href":"https:\/\/revistazetta.com\/index.php?rest_route=\/wp\/v2\/posts\/37349\/revisions"}],"wp:featuredmedia":[{"embeddable":true,"href":"https:\/\/revistazetta.com\/index.php?rest_route=\/wp\/v2\/media\/37364"}],"wp:attachment":[{"href":"https:\/\/revistazetta.com\/index.php?rest_route=%2Fwp%2Fv2%2Fmedia&parent=37349"}],"wp:term":[{"taxonomy":"category","embeddable":true,"href":"https:\/\/revistazetta.com\/index.php?rest_route=%2Fwp%2Fv2%2Fcategories&post=37349"},{"taxonomy":"post_tag","embeddable":true,"href":"https:\/\/revistazetta.com\/index.php?rest_route=%2Fwp%2Fv2%2Ftags&post=37349"}],"curies":[{"name":"wp","href":"https:\/\/api.w.org\/{rel}","templated":true}]}}