{"id":37373,"date":"2020-09-08T16:46:37","date_gmt":"2020-09-08T21:46:37","guid":{"rendered":"https:\/\/revistazetta.com\/?p=37373"},"modified":"2020-09-08T16:46:37","modified_gmt":"2020-09-08T21:46:37","slug":"dimayor-destaca-recuperacion-del-estadio-de-futbol-jaime-moron","status":"publish","type":"post","link":"https:\/\/revistazetta.com\/?p=37373","title":{"rendered":"Dimayor destaca recuperaci\u00f3n del estadio de f\u00fatbol \u00abJaime Mor\u00f3n\u00bb"},"content":{"rendered":"<p>Una importante visita de inspecci\u00f3n, con la que se despeja el panorama para la reapertura del estadio Jaime Mor\u00f3n, cumpli\u00f3 este martes una delegaci\u00f3n integrada por representantes del Instituto Distrital de Deporte y Recreaci\u00f3n \u2013IDER-, la Alcald\u00eda Local 2, el Real Cartagena F\u00fatbol Club y la Divisi\u00f3n Mayor de F\u00fatbol Colombiano \u2013DIMAYOR-.<\/p>\n<p>La visita, coordinada por la directora general del IDER, Viviana Londo\u00f1o Moreno, ten\u00eda el prop\u00f3sito de revisar una vez m\u00e1s los avances del plan de mejoramiento que se ejecuta desde enero del a\u00f1o en curso, acordado entre la Alcald\u00eda Local 2 y el contratista, Consorcio JM, encargado de las obras de adecuaci\u00f3n de ese escenario deportivo en 2019. A \u00e9sta fueron invitados delegados de la m\u00e1xima autoridad del f\u00fatbol colombiano y del equipo local, para que conceptuaran sobre las condiciones del terreno de juego para la eventual realizaci\u00f3n de entrenamientos y de partidos de f\u00fatbol profesional.<\/p>\n<p>Adem\u00e1s de la directora, por el IDER, asisti\u00f3 el jefe del \u00e1rea de infraestructura, Ismael S\u00e1nchez, por el Real Cartagena, su gerente Alexander Rend\u00f3n, y por la Dimayor, el gerente deportivo Bladimir Cantor.<\/p>\n<p>Cantor destac\u00f3 el trabajo realizado para la recuperaci\u00f3n del estadio, en comparaci\u00f3n con la visita realizada en enero pasado. \u201cSe nota el trabajo en el campo de juego, en zonas como los jardines, las sillas, una mejora notable en los bancos t\u00e9cnicos y en los camerinos\u201d, asegur\u00f3 el delegado, quien visiblemente emocionado por las condiciones encontradas, calific\u00f3 las obras realizadas como \u201cimpecables\u201d y reconoci\u00f3 el compromiso de los entes gubernamentales de Cartagena para la plena recuperaci\u00f3n del escenario deportivo.<\/p>\n<p>El gerente deportivo de la Dimayor recomend\u00f3 seguir el ritmo en la fase final de las obras, llegar a un acuerdo con el equipo local para realizar una serie de entrenamientos con deportistas profesionales que dar\u00edan los lineamientos para mejorar los detalles del terreno de juego. Una vez que estos concluyan, la organizaci\u00f3n programar\u00e1 una nueva visita, para validar el reinicio del futbol profesional en Cartagena.<\/p>\n<p>La directora del IDER se declar\u00f3 complacida con los resultados de la visita y anunci\u00f3 la realizaci\u00f3n de un proyecto piloto, que permitir\u00e1 en los pr\u00f3ximos d\u00edas a jugadores del Real Cartagena hacer algunos entrenamientos, con el prop\u00f3sito de verificar las condiciones del terreno y orientar sobre los puntos que requieren trabajos de micro nivelaci\u00f3n.<\/p>\n<p>Cabe anotar que las acciones del plan de mejoramiento, correspondientes al re direccionamiento de luces led, reposici\u00f3n del c\u00e9sped bermuda, nivelaci\u00f3n, rellenos arenados, micro nivelaci\u00f3n, control fitosanitario , y deshierbe manual, entre otros, no han sido oficialmente recibidos por la Alcald\u00eda Local 2. A pesar que presentan porcentajes de avances estimados entre el 90 y 95%, ser\u00e1 necesario contar con una valoraci\u00f3n t\u00e9cnica especializada que determine sus posibilidades reales, para poder ser aceptados y posteriormente entregar el escenario al IDER, organismo responsable de su administraci\u00f3n.<\/p>\n<p>\u201cHay optimismo generalizado entre las diferentes entidades que participamos en esta visita, por las buenas condiciones que muestra el estadio, pero el concepto t\u00e9cnico de la DIMAYOR, sobre si el terreno est\u00e1 apto para compromisos del torneo del futbol profesional colombiano, ser\u00e1 emitido en la pr\u00f3xima visita\u201d, asegur\u00f3 Londo\u00f1o Moreno<\/p>\n","protected":false},"excerpt":{"rendered":"<p>Una importante visita de inspecci\u00f3n, con la que se despeja el panorama para la reapertura del estadio Jaime Mor\u00f3n, cumpli\u00f3 este martes una delegaci\u00f3n integrada por representantes del Instituto Distrital de Deporte y Recreaci\u00f3n \u2013IDER-, la Alcald\u00eda Local 2, el Real Cartagena F\u00fatbol Club y la Divisi\u00f3n Mayor de F\u00fatbol Colombiano \u2013DIMAYOR-. La visita, coordinada por la directora general del IDER, Viviana Londo\u00f1o Moreno, ten\u00eda el prop\u00f3sito de revisar una vez m\u00e1s los avances del plan de mejoramiento que se ejecuta desde enero del a\u00f1o en curso, acordado entre la&#8230; <\/p>\n","protected":false},"author":3,"featured_media":37374,"comment_status":"closed","ping_status":"closed","sticky":false,"template":"","format":"standard","meta":{"footnotes":"","_links_to":"","_links_to_target":""},"categories":[53,54],"tags":[],"class_list":["post-37373","post","type-post","status-publish","format-standard","has-post-thumbnail","hentry","category-deportes","category-futbol"],"_links":{"self":[{"href":"https:\/\/revistazetta.com\/index.php?rest_route=\/wp\/v2\/posts\/37373","targetHints":{"allow":["GET"]}}],"collection":[{"href":"https:\/\/revistazetta.com\/index.php?rest_route=\/wp\/v2\/posts"}],"about":[{"href":"https:\/\/revistazetta.com\/index.php?rest_route=\/wp\/v2\/types\/post"}],"author":[{"embeddable":true,"href":"https:\/\/revistazetta.com\/index.php?rest_route=\/wp\/v2\/users\/3"}],"replies":[{"embeddable":true,"href":"https:\/\/revistazetta.com\/index.php?rest_route=%2Fwp%2Fv2%2Fcomments&post=37373"}],"version-history":[{"count":0,"href":"https:\/\/revistazetta.com\/index.php?rest_route=\/wp\/v2\/posts\/37373\/revisions"}],"wp:featuredmedia":[{"embeddable":true,"href":"https:\/\/revistazetta.com\/index.php?rest_route=\/wp\/v2\/media\/37374"}],"wp:attachment":[{"href":"https:\/\/revistazetta.com\/index.php?rest_route=%2Fwp%2Fv2%2Fmedia&parent=37373"}],"wp:term":[{"taxonomy":"category","embeddable":true,"href":"https:\/\/revistazetta.com\/index.php?rest_route=%2Fwp%2Fv2%2Fcategories&post=37373"},{"taxonomy":"post_tag","embeddable":true,"href":"https:\/\/revistazetta.com\/index.php?rest_route=%2Fwp%2Fv2%2Ftags&post=37373"}],"curies":[{"name":"wp","href":"https:\/\/api.w.org\/{rel}","templated":true}]}}