{"id":37396,"date":"2020-09-10T07:07:40","date_gmt":"2020-09-10T12:07:40","guid":{"rendered":"https:\/\/revistazetta.com\/?p=37396"},"modified":"2021-12-08T17:35:40","modified_gmt":"2021-12-08T22:35:40","slug":"nueva-sede-de-salud-sura-en-serena-del-mar-para-fortalecer-la-prestacion-de-servicios-a-los-asegurados","status":"publish","type":"post","link":"https:\/\/revistazetta.com\/?p=37396","title":{"rendered":"Nueva sede de Salud SURA en Serena del Mar para fortalecer la prestaci\u00f3n de servicios a los asegurados"},"content":{"rendered":"<blockquote><p><strong><em>La nueva sede para asegurados de p\u00f3lizas de salud tendr\u00e1 una capacidad de atenci\u00f3n de 12 mil usuarios al mes.\u00a0<\/em><em>La inversi\u00f3n para la construcci\u00f3n y adecuaci\u00f3n de la infraestructura para la prestaci\u00f3n ascendi\u00f3 a m\u00e1s de $ 2.000 millones.<\/em><\/strong><\/p><\/blockquote>\n<p>Para fortalecer la atenci\u00f3n a los asegurados con p\u00f3lizas de salud de SURA en Cartagena, la compa\u00f1\u00eda habilit\u00f3 su nueva sede en Serena del Mar, con una capacidad de atenci\u00f3n de 12 mil usuarios al mes en especialidades como pediatr\u00eda, medicina interna, ginecolog\u00eda y nutrici\u00f3n, adem\u00e1s de la consulta en medicina general y atenci\u00f3n prioritaria.<\/p>\n<p>\u201c<em>La regi\u00f3n Caribe es una zona estrat\u00e9gica para el pa\u00eds y para nuestra operaci\u00f3n. Trabajamos permanentemente para fortalecer y ampliar all\u00ed nuestros recursos para acompa\u00f1ar a las personas y empresas. Esta sede, adem\u00e1s de sumar a la infraestructura para prestaciones en salud, ser\u00e1 un escenario para orientar a los asegurados a que act\u00faen desde la prevenci\u00f3n y a que adopten h\u00e1bitos de vida saludable<\/em>\u201d, explic\u00f3 Ana Mar\u00eda Ortiz, Gerente de la P\u00f3liza de Salud de Seguros SURA Colombia.<\/p>\n<p>La nueva sede de 447 metros cuadrados, cuenta con cinco consultorios para la atenci\u00f3n m\u00e9dica, realizaci\u00f3n de procedimientos de baja complejidad, e incluye un \u00e1rea para Ayudas Diagn\u00f3sticas SURA para la toma de muestras de laboratorio.<\/p>\n<p>Para Serena del Mar este anuncio es muy relevante en el proceso de consolidaci\u00f3n de La Ciudad So\u00f1ada como un desarrollo urban\u00edstico integral de talla mundial, con servicios y soluciones pensadas en ofrecer oportunidades para todos y una mejor calidad de vida a sus habitantes y visitantes.<\/p>\n<p><em>\u201cNos complace ser elegidos como el escenario para fortalecer la presencia de esta gran compa\u00f1\u00eda en Cartagena y estamos orgullosos de continuar aportando al fortalecimiento de la oferta de salud de la ciudad. Este hito reafirma que La Ciudad So\u00f1ada es una realidad. Qu\u00e9 mejor forma de continuar avanzando que de la mano de grandes aliados, que han ratificado su compromiso con el pa\u00eds y la regi\u00f3n\u201d<\/em> afirm\u00f3 Rafael Sim\u00f3n del Castillo, presidente de Novus Civitas, firma gestora de Serena del Mar.<\/p>\n<p>La inversi\u00f3n total fue de $1.961 millones entre la construcci\u00f3n y adecuaci\u00f3n de la sede f\u00edsica, la dotaci\u00f3n de mobiliario y de equipos m\u00e9dicos, estos \u00faltimos por valor de $327 millones.<\/p>\n<p>&nbsp;<\/p>\n<p><strong>Acerca de Seguros SURA Colombia <\/strong><\/p>\n<p><em>Con 75 a\u00f1os de experiencia, esta filial de Suramericana S.A. ofrece un amplio portafolio de soluciones de seguros y prestaci\u00f3n de servicios que entregan bienestar y competitividad sostenibles a m\u00e1s de 12 millones de clientes \u00fanicos en el pa\u00eds, por medio de la gesti\u00f3n de tendencias y riesgos. Sus l\u00edneas de negocio comprenden los segmentos de Vida y Generales, tanto de seguros voluntarios (Seguros SURA) como obligatorios (EPS SURA y ARL SURA). Su oferta de valor se complementa con la prestaci\u00f3n de servicios en salud (IPS SURA), ayudas diagn\u00f3sticas (Ayudas Diagn\u00f3sticas SURA), as\u00ed como asesor\u00eda y asistencia t\u00e9cnica (Consultor\u00eda en Gesti\u00f3n de Riesgos). Es la compa\u00f1\u00eda l\u00edder del pa\u00eds en la industria aseguradora con 24.3% de participaci\u00f3n de mercado al cierre de 2019.<\/em><\/p>\n<p><em>\u00a0<\/em><\/p>\n<p><em><strong>Acerca de Serena del Mar<\/strong><\/em><\/p>\n<p><em>Serena del Mar es un desarrollo urban\u00edstico que se empez\u00f3 a construir en 2015, y establece un nuevo concepto de ciudad en la zona norte de Cartagena de Indias fundamentado en los pilares de planeado para el futuro, integrado a la naturaleza y con oportunidades para todos, que tiene como prop\u00f3sito superior garantizar calidad de vida a las personas que van a vivir o visitar el proyecto.<\/em><\/p>\n","protected":false},"excerpt":{"rendered":"<p>La nueva sede para asegurados de p\u00f3lizas de salud tendr\u00e1 una capacidad de atenci\u00f3n de 12 mil usuarios al mes.\u00a0La inversi\u00f3n para la construcci\u00f3n y adecuaci\u00f3n de la infraestructura para la prestaci\u00f3n ascendi\u00f3 a m\u00e1s de $ 2.000 millones. Para fortalecer la atenci\u00f3n a los asegurados con p\u00f3lizas de salud de SURA en Cartagena, la compa\u00f1\u00eda habilit\u00f3 su nueva sede en Serena del Mar, con una capacidad de atenci\u00f3n de 12 mil usuarios al mes en especialidades como pediatr\u00eda, medicina interna, ginecolog\u00eda y nutrici\u00f3n, adem\u00e1s de la consulta en medicina&#8230; <\/p>\n","protected":false},"author":3,"featured_media":37397,"comment_status":"closed","ping_status":"closed","sticky":false,"template":"","format":"standard","meta":{"footnotes":"","_links_to":"","_links_to_target":""},"categories":[3,50],"tags":[292,306,354,393],"class_list":["post-37396","post","type-post","status-publish","format-standard","has-post-thumbnail","hentry","category-ciudad","category-empresa","tag-ciudad","tag-empresa","tag-serena-del-mar","tag-sura"],"_links":{"self":[{"href":"https:\/\/revistazetta.com\/index.php?rest_route=\/wp\/v2\/posts\/37396","targetHints":{"allow":["GET"]}}],"collection":[{"href":"https:\/\/revistazetta.com\/index.php?rest_route=\/wp\/v2\/posts"}],"about":[{"href":"https:\/\/revistazetta.com\/index.php?rest_route=\/wp\/v2\/types\/post"}],"author":[{"embeddable":true,"href":"https:\/\/revistazetta.com\/index.php?rest_route=\/wp\/v2\/users\/3"}],"replies":[{"embeddable":true,"href":"https:\/\/revistazetta.com\/index.php?rest_route=%2Fwp%2Fv2%2Fcomments&post=37396"}],"version-history":[{"count":0,"href":"https:\/\/revistazetta.com\/index.php?rest_route=\/wp\/v2\/posts\/37396\/revisions"}],"wp:featuredmedia":[{"embeddable":true,"href":"https:\/\/revistazetta.com\/index.php?rest_route=\/wp\/v2\/media\/37397"}],"wp:attachment":[{"href":"https:\/\/revistazetta.com\/index.php?rest_route=%2Fwp%2Fv2%2Fmedia&parent=37396"}],"wp:term":[{"taxonomy":"category","embeddable":true,"href":"https:\/\/revistazetta.com\/index.php?rest_route=%2Fwp%2Fv2%2Fcategories&post=37396"},{"taxonomy":"post_tag","embeddable":true,"href":"https:\/\/revistazetta.com\/index.php?rest_route=%2Fwp%2Fv2%2Ftags&post=37396"}],"curies":[{"name":"wp","href":"https:\/\/api.w.org\/{rel}","templated":true}]}}