{"id":37496,"date":"2020-09-18T07:37:12","date_gmt":"2020-09-18T12:37:12","guid":{"rendered":"https:\/\/revistazetta.com\/?p=37496"},"modified":"2020-09-18T07:37:12","modified_gmt":"2020-09-18T12:37:12","slug":"refineria-de-cartagena-entrego-12-uci-al-hospital-universitario-del-caribe","status":"publish","type":"post","link":"https:\/\/revistazetta.com\/?p=37496","title":{"rendered":"Refiner\u00eda de Cartagena entreg\u00f3 12 UCI al Hospital Universitario del Caribe"},"content":{"rendered":"<div class=\"page\" title=\"Page 1\">\n<div class=\"layoutArea\">\n<div class=\"column\">\n<blockquote><p>El apoyo incluye camas, respiradores y monitores de signos vitales para la instituci\u00f3n m\u00e9dica que concentra la mayor cantidad de pacientes con COVID-19, en la ciudad.<\/p><\/blockquote>\n<p>El fortalecimiento de la capacidad de atenci\u00f3n en las Unidades de Cuidados Intensivos (UCI) ha sido una de las prioridades de las autoridades de la ciudad, desde el inicio de la emergencia sanitaria.<\/p>\n<p>Por ello, Refiner\u00eda de Cartagena realiz\u00f3 una inversi\u00f3n de $1.423 millones para la adquisici\u00f3n de 12 Unidades de Cuidados Intensivos de \u00faltima generaci\u00f3n, para fortalecer la capacidad de atenci\u00f3n especializada en el Hospital Universitario del Caribe. Las unidades entregadas incluyeron camas, respiradores, monitores de signos vitales y un ec\u00f3grafo de \u00faltima tecnolog\u00eda, con lo cual se ampli\u00f3 la capacidad para atender a m\u00e1s personas contagiadas con COVID-19, que requieran cuidados hospitalarios de mayor complejidad.<\/p>\n<p>Cabe anotar que este hospital fue priorizado por las autoridades de salud nacionales y de Cartagena, para la atenci\u00f3n de personas contagiadas con coronavirus.<\/p>\n<p>Desde la Refiner\u00eda de Cartagena le cumplimos a la ciudad y seguimos apoyando los esfuerzos para fortalecer el sector salud.<\/p>\n<p>Sobre el aporte, Herman Gal\u00e1n, presidente de Refiner\u00eda de Cartagena manifest\u00f3: \u201cEstamos muy satisfechos de hacerle esta nueva e importante contribuci\u00f3n a la ciudad, que ayudar\u00e1 a fortalecer el sistema de salud. Cartagena queda con unas UCI de \u00faltima tecnolog\u00eda, que mejorar\u00e1n la atenci\u00f3n en la situaci\u00f3n actual y haciael futuro\u201d.<\/p>\n<\/div>\n<\/div>\n<\/div>\n","protected":false},"excerpt":{"rendered":"<p>El apoyo incluye camas, respiradores y monitores de signos vitales para la instituci\u00f3n m\u00e9dica que concentra la mayor cantidad de pacientes con COVID-19, en la ciudad. El fortalecimiento de la capacidad de atenci\u00f3n en las Unidades de Cuidados Intensivos (UCI) ha sido una de las prioridades de las autoridades de la ciudad, desde el inicio de la emergencia sanitaria. Por ello, Refiner\u00eda de Cartagena realiz\u00f3 una inversi\u00f3n de $1.423 millones para la adquisici\u00f3n de 12 Unidades de Cuidados Intensivos de \u00faltima generaci\u00f3n, para fortalecer la capacidad de atenci\u00f3n especializada en&#8230; <\/p>\n","protected":false},"author":3,"featured_media":37497,"comment_status":"closed","ping_status":"closed","sticky":false,"template":"","format":"standard","meta":{"footnotes":"","_links_to":"","_links_to_target":""},"categories":[3,50],"tags":[292,306],"class_list":["post-37496","post","type-post","status-publish","format-standard","has-post-thumbnail","hentry","category-ciudad","category-empresa","tag-ciudad","tag-empresa"],"_links":{"self":[{"href":"https:\/\/revistazetta.com\/index.php?rest_route=\/wp\/v2\/posts\/37496","targetHints":{"allow":["GET"]}}],"collection":[{"href":"https:\/\/revistazetta.com\/index.php?rest_route=\/wp\/v2\/posts"}],"about":[{"href":"https:\/\/revistazetta.com\/index.php?rest_route=\/wp\/v2\/types\/post"}],"author":[{"embeddable":true,"href":"https:\/\/revistazetta.com\/index.php?rest_route=\/wp\/v2\/users\/3"}],"replies":[{"embeddable":true,"href":"https:\/\/revistazetta.com\/index.php?rest_route=%2Fwp%2Fv2%2Fcomments&post=37496"}],"version-history":[{"count":0,"href":"https:\/\/revistazetta.com\/index.php?rest_route=\/wp\/v2\/posts\/37496\/revisions"}],"wp:featuredmedia":[{"embeddable":true,"href":"https:\/\/revistazetta.com\/index.php?rest_route=\/wp\/v2\/media\/37497"}],"wp:attachment":[{"href":"https:\/\/revistazetta.com\/index.php?rest_route=%2Fwp%2Fv2%2Fmedia&parent=37496"}],"wp:term":[{"taxonomy":"category","embeddable":true,"href":"https:\/\/revistazetta.com\/index.php?rest_route=%2Fwp%2Fv2%2Fcategories&post=37496"},{"taxonomy":"post_tag","embeddable":true,"href":"https:\/\/revistazetta.com\/index.php?rest_route=%2Fwp%2Fv2%2Ftags&post=37496"}],"curies":[{"name":"wp","href":"https:\/\/api.w.org\/{rel}","templated":true}]}}