{"id":37500,"date":"2020-09-18T07:48:11","date_gmt":"2020-09-18T12:48:11","guid":{"rendered":"https:\/\/revistazetta.com\/?p=37500"},"modified":"2020-09-18T07:48:11","modified_gmt":"2020-09-18T12:48:11","slug":"octavo-festival-departamental-de-bandas-animate-y-participa-desde-la-virtualidad","status":"publish","type":"post","link":"https:\/\/revistazetta.com\/?p=37500","title":{"rendered":"Octavo Festival Departamental de Bandas: an\u00edmate y participa desde la virtualidad"},"content":{"rendered":"<blockquote><p>Hasta el 9 de octubre todos los artistas interesados en inscribirse en el Festival Departamental de Bandas podr\u00e1n hacerlo a trav\u00e9s del enlace <a href=\"https:\/\/www.icultur.gov.co\/propias\/\" target=\"_blank\" rel=\"noopener\">https:\/\/www.icultur.gov.co\/propias\/<\/a>, donde podr\u00e1n conocer el reglamento y el formulario de inscripci\u00f3n .<\/p><\/blockquote>\n<p>El sonido exquisito de un clarinete, la fuerza del tromb\u00f3n, la elegancia de una trompeta, la magia de un saxo complementados con la elocuencia de la percusi\u00f3n vuelven a darle color a un evento que durante ocho a\u00f1os se ha venido consolidando, gracias a la aceptaci\u00f3n que ha tenido en el exigente p\u00fablico conocedor de la musica de bandas en el departamento de Bol\u00edvar.<\/p>\n<p>Hoy en medio de la realidad del Covid &#8211; 19 pero conscientes que nuestros talentos siguen m\u00e1s vigentes que nunca y que el derroche del arte de la m\u00fasica debe seguir alegrando corazones as\u00ed sea desde la virtualidad , la Gobernaci\u00f3n de Bol\u00edvar y el Instituto de Cultura y Turismo ICULTUR, tienen el placer de darle bienvenida a la octava edici\u00f3n del Festival Departamental de Bandas que se realizar\u00e1 durante los d\u00edas 23, 24 y 25 de octubre.<\/p>\n<p>\u00abNuestro Festival de Bandas cada a\u00f1o se convierte en patrimonio de la cultura Bolivarense, por eso queremos desde la Gobernaci\u00f3n generar estos espacios que fomenten la participaci\u00f3n y el talento de nuestros artistas y a la vez consolide nuestras tradiciones y despierte el sentido de pertenencia por lo nuestro\u00bb sostuvo el gobernador de Bol\u00edvar, Vicente Antonio Blel.<\/p>\n<p>En esta edici\u00f3n del 2020 el Festival de Bandas se realizar\u00e1 gracias al apoyo incondicional del Ministerio de Cultura y de empresas comprometidas con el fomento de nuestras tradiciones como lo son SuperGiros, Comfamiliar, UNIBAC y Comfenalco . As\u00ed mismo, el festival ser\u00e1 transmitido por Telecaribe . La invitaci\u00f3n est\u00e1 abierta para todas aquellas compa\u00f1\u00edas que se quieran vincular a este evento de tradici\u00f3n en el departamento de Bol\u00edvar.<\/p>\n<p><strong>Consideraciones generales <\/strong><\/p>\n<p>El Festival Departamental de Bandas por conocimiento de la opini\u00f3n p\u00fablica de la realidad del Covid- 19 en nuestro departamento, se realizar\u00e1 de manera virtual. Habr\u00e1n dos modalidades para garantizar la participacion de procesos de escuela y la participacion de bandas con amplia experiencia.<\/p>\n<p>De igual manera el p\u00fablico tendr\u00e1 voz y voto en la calificaci\u00f3n de las bandas. Se premiar\u00e1 a los mejores int\u00e9rprete por instrumentos en cada modalidad, al mejor director de las bandas en cada modalidad y se incluye por primera vez la canci\u00f3n in\u00e9dita del grupo para incentivar la creaci\u00f3n musical.<\/p>\n<p>Solo podr\u00e1 participar una banda por municipio.<\/p>\n<p>Dos categor\u00edas en las que podr\u00e1n concursar las bandas<\/p>\n<p>Categor\u00eda Menor: Bandas cuyos Integrantes m\u00ednimo en un ochenta por ciento (80%) tengan edades que oscilen entre los 6 y los 17 a\u00f1os.<\/p>\n<p>Categor\u00eda Mayor: Bandas cuyos Integrantes en m\u00e1s de un veinte por ciento (20%) sean mayores de 18 a\u00f1os.<\/p>\n<p><strong>Criterios y porcentajes de calificaci\u00f3n<\/strong><\/p>\n<p>-Afinaci\u00f3n (Acci\u00f3n de poner en tono justo los instrumentos musicales de la Banda<br \/>\ndurante la interpretaci\u00f3n de una obra musical): 35%.<\/p>\n<p>&#8211; Ensamble e interpretaci\u00f3n (Grado de sincronizaci\u00f3n y compenetraci\u00f3n de los<br \/>\nm\u00fasicos de una Banda entre s\u00ed durante la ejecuci\u00f3n de una obra musical en<br \/>\nconsideraci\u00f3n al tema y al ritmo y conjugando la sensibilidad, la capacidad de expresi\u00f3n y entrega al p\u00fablico): 35%.<\/p>\n<p>&#8211; Puesta en Escena y presentaci\u00f3n personal (Hace referencia al trabajo realizado por las agrupaciones, sus movimientos corporales, vestuario y el despliegue art\u00edstico durante su actuaci\u00f3n): 20%.<\/p>\n<p>&#8211; Aceptaci\u00f3n del p\u00fablico (Grupos con mayor puntaje en la votaci\u00f3n del p\u00fablico en<br \/>\nla modalidad virtual) solo el grupo con mayor puntaje de votaci\u00f3n del p\u00fablico en<br \/>\ncada categor\u00eda tendr\u00e1 este puntaje adicional: 10%.<\/p>\n<p>Para m\u00e1s detalles del proceso de inscripci\u00f3n y el reglamento visite la p\u00e1gina\u00a0<a href=\"https:\/\/www.icultur.gov.co\/propias\/.\" target=\"_blank\" rel=\"noopener\">https:\/\/www.icultur.gov.co\/propias\/.<\/a><\/p>\n","protected":false},"excerpt":{"rendered":"<p>Hasta el 9 de octubre todos los artistas interesados en inscribirse en el Festival Departamental de Bandas podr\u00e1n hacerlo a trav\u00e9s del enlace https:\/\/www.icultur.gov.co\/propias\/, donde podr\u00e1n conocer el reglamento y el formulario de inscripci\u00f3n . El sonido exquisito de un clarinete, la fuerza del tromb\u00f3n, la elegancia de una trompeta, la magia de un saxo complementados con la elocuencia de la percusi\u00f3n vuelven a darle color a un evento que durante ocho a\u00f1os se ha venido consolidando, gracias a la aceptaci\u00f3n que ha tenido en el exigente p\u00fablico conocedor de&#8230; <\/p>\n","protected":false},"author":3,"featured_media":37501,"comment_status":"closed","ping_status":"closed","sticky":false,"template":"","format":"standard","meta":{"footnotes":"","_links_to":"","_links_to_target":""},"categories":[41,43],"tags":[290,304],"class_list":["post-37500","post","type-post","status-publish","format-standard","has-post-thumbnail","hentry","category-cultura","category-cultura-musica","tag-cultura","tag-musica"],"_links":{"self":[{"href":"https:\/\/revistazetta.com\/index.php?rest_route=\/wp\/v2\/posts\/37500","targetHints":{"allow":["GET"]}}],"collection":[{"href":"https:\/\/revistazetta.com\/index.php?rest_route=\/wp\/v2\/posts"}],"about":[{"href":"https:\/\/revistazetta.com\/index.php?rest_route=\/wp\/v2\/types\/post"}],"author":[{"embeddable":true,"href":"https:\/\/revistazetta.com\/index.php?rest_route=\/wp\/v2\/users\/3"}],"replies":[{"embeddable":true,"href":"https:\/\/revistazetta.com\/index.php?rest_route=%2Fwp%2Fv2%2Fcomments&post=37500"}],"version-history":[{"count":0,"href":"https:\/\/revistazetta.com\/index.php?rest_route=\/wp\/v2\/posts\/37500\/revisions"}],"wp:featuredmedia":[{"embeddable":true,"href":"https:\/\/revistazetta.com\/index.php?rest_route=\/wp\/v2\/media\/37501"}],"wp:attachment":[{"href":"https:\/\/revistazetta.com\/index.php?rest_route=%2Fwp%2Fv2%2Fmedia&parent=37500"}],"wp:term":[{"taxonomy":"category","embeddable":true,"href":"https:\/\/revistazetta.com\/index.php?rest_route=%2Fwp%2Fv2%2Fcategories&post=37500"},{"taxonomy":"post_tag","embeddable":true,"href":"https:\/\/revistazetta.com\/index.php?rest_route=%2Fwp%2Fv2%2Ftags&post=37500"}],"curies":[{"name":"wp","href":"https:\/\/api.w.org\/{rel}","templated":true}]}}