{"id":3761,"date":"2014-11-20T09:30:00","date_gmt":"2014-11-20T14:30:00","guid":{"rendered":"http:\/\/www.revistazetta.com\/?p=3761"},"modified":"2014-11-20T09:30:00","modified_gmt":"2014-11-20T14:30:00","slug":"proceso-de-paz-en-crisis","status":"publish","type":"post","link":"https:\/\/revistazetta.com\/?p=3761","title":{"rendered":"Proceso de paz en crisis"},"content":{"rendered":"<p style=\"text-align: left\" align=\"center\">Por: Miguel Raad Hern\u00e1ndez -Noviembre 20 de 2014-<\/p>\n<p style=\"text-align: left\" align=\"center\">Nos preocupa la suerte del Proceso de Paz en la Habana. Como sucede con la inmensa mayor\u00eda de los colombianos, queremos que se termine el llamado \u201cconflicto interno armado\u201d y en Colombia nos demos una oportunidad de avanzar hacia nuevos estadios de vida civilizada, donde se respeten todos nuestros derechos y podamos construir una Naci\u00f3n arm\u00f3nica, progresista y convivente. Donde las diferencias se resuelvan por el di\u00e1logo, la concertaci\u00f3n\u00a0 o por la recta, proba y cumplida administraci\u00f3n de Justicia. Donde remplacemos la sub-cultura de la violencia por una consciente cultura de paz.<\/p>\n<p>Sabemos que esa vida ideal requiere de ingentes esfuerzos y muchos cambios en los paradigmas por los que venimos rigi\u00e9ndonos. Pero ya que nuevamente nos atrevimos a iniciar un \u201cProceso de Paz\u201d con los alzados en armas, quisi\u00e9ramos que este nuevo intento, el que m\u00e1s ha avanzado en sus prop\u00f3sitos hasta ahora, llegue a concretarse y no aborte\u00a0 nuevamente. Por ello hoy queremos referirnos a la repentina y sorpresiva crisis en que se encuentra por culpa de que las FARC han secuestrado a un General de la Rep\u00fablica y a otros militares. La verdad se informa tambi\u00e9n de otros 59 secuestros de civiles mientras al mismo tiempo conversan de paz. El secuestro es un delito abominable y no es validada por el Derecho Internacional Humanitario como un arma ni una estrategia de guerra. Por ello, debe proscribirse de inmediato y las FARC deben liberar a todos los secuestrados que tengan en su poder.<\/p>\n<p>Hoy amanecemos con el anuncio de los pa\u00edses garantes del proceso, Noruega y Cuba, seg\u00fan el cual pareciera que las FARC han accedido a liberar secuestrados prontamente. No se han dado fechas ni se ha especificado si a todos. Esperamos que lo ratifiquen y lo cumplan beneficiando a todos los secuestrados que tienen en su poder. Ese ser\u00eda un verdadero gesto de paz que debe ir acompa\u00f1ado del compromiso de no secuestrar un colombiano m\u00e1s.-<\/p>\n<p>La opini\u00f3n p\u00fablica tiene una gran importancia en este proceso de de la Habana. Los colombianos debemos hacerle saber a las FARC que estamos cansados de su guerra y de todas las guerras. Que no permitiremos m\u00e1s tropel\u00edas y abusos contra ciudadanos inermes en nombre de ninguna causa. Que deseamos vivamente vivir en una Naci\u00f3n cuyo FOCUS sea el Progreso en Paz y con justicia social. Colombia tiene las condiciones, capacidades y competencias de su pueblo para ser un mejor pa\u00eds, desarrollado, incluyente, productivo, con empleo, vivienda, salud y educaci\u00f3n garantizada para todos sus nacionales. Eso no se logra con la guerra, que solo genera destrucci\u00f3n, odio y muerte.<\/p>\n<p>La Paz es el presupuesto necesario para comenzar el c\u00edrculo virtuoso de la vida, la armoniosa convivencia, el trabajo que genera riqueza y equidad social. Si se supera la crisis, es el momento para fortalecer y ajustar el proceso de la Habana, de modo que cerremos pronto el ciclo de di\u00e1logos y pasemos a los acuerdos y decisiones. Las FARC necesitan convencer a los colombianos de su vocaci\u00f3n y determinaci\u00f3n para la paz.<\/p>\n<p><b>POSTDATA:<\/b> Al terminar este art\u00edculo las FARC confirma p\u00fablicamente que han autorizado la liberaci\u00f3n del General secuestrado. No han aclarado la suerte de los dem\u00e1s secuestrados.<\/p>\n","protected":false},"excerpt":{"rendered":"<p>Por: Miguel Raad Hern\u00e1ndez -Noviembre 20 de 2014- Nos preocupa la suerte del Proceso de Paz en la Habana. Como sucede con la inmensa mayor\u00eda de los colombianos, queremos que se termine el llamado \u201cconflicto interno armado\u201d y en Colombia nos demos una oportunidad de avanzar hacia nuevos estadios de vida civilizada, donde se respeten todos nuestros derechos y podamos construir una Naci\u00f3n arm\u00f3nica, progresista y convivente. Donde las diferencias se resuelvan por el di\u00e1logo, la concertaci\u00f3n\u00a0 o por la recta, proba y cumplida administraci\u00f3n de Justicia. Donde remplacemos la&#8230; <\/p>\n","protected":false},"author":4,"featured_media":3763,"comment_status":"closed","ping_status":"closed","sticky":false,"template":"","format":"standard","meta":{"footnotes":"","_links_to":"","_links_to_target":""},"categories":[44,65],"tags":[],"class_list":["post-3761","post","type-post","status-publish","format-standard","has-post-thumbnail","hentry","category-materiagris","category-opinion"],"_links":{"self":[{"href":"https:\/\/revistazetta.com\/index.php?rest_route=\/wp\/v2\/posts\/3761","targetHints":{"allow":["GET"]}}],"collection":[{"href":"https:\/\/revistazetta.com\/index.php?rest_route=\/wp\/v2\/posts"}],"about":[{"href":"https:\/\/revistazetta.com\/index.php?rest_route=\/wp\/v2\/types\/post"}],"author":[{"embeddable":true,"href":"https:\/\/revistazetta.com\/index.php?rest_route=\/wp\/v2\/users\/4"}],"replies":[{"embeddable":true,"href":"https:\/\/revistazetta.com\/index.php?rest_route=%2Fwp%2Fv2%2Fcomments&post=3761"}],"version-history":[{"count":0,"href":"https:\/\/revistazetta.com\/index.php?rest_route=\/wp\/v2\/posts\/3761\/revisions"}],"wp:featuredmedia":[{"embeddable":true,"href":"https:\/\/revistazetta.com\/index.php?rest_route=\/wp\/v2\/media\/3763"}],"wp:attachment":[{"href":"https:\/\/revistazetta.com\/index.php?rest_route=%2Fwp%2Fv2%2Fmedia&parent=3761"}],"wp:term":[{"taxonomy":"category","embeddable":true,"href":"https:\/\/revistazetta.com\/index.php?rest_route=%2Fwp%2Fv2%2Fcategories&post=3761"},{"taxonomy":"post_tag","embeddable":true,"href":"https:\/\/revistazetta.com\/index.php?rest_route=%2Fwp%2Fv2%2Ftags&post=3761"}],"curies":[{"name":"wp","href":"https:\/\/api.w.org\/{rel}","templated":true}]}}