{"id":3767,"date":"2014-11-26T08:18:42","date_gmt":"2014-11-26T13:18:42","guid":{"rendered":"http:\/\/www.revistazetta.com\/?p=3767"},"modified":"2014-11-26T08:18:42","modified_gmt":"2014-11-26T13:18:42","slug":"picnic-barullo-une-a-siete-chefs-para-beneficiar-infancia-de-cartagena","status":"publish","type":"post","link":"https:\/\/revistazetta.com\/?p=3767","title":{"rendered":"\u201cPicnic Barullo\u201d une a siete chefs para beneficiar infancia de Cartagena"},"content":{"rendered":"<p><span style=\"line-height: 1.5em;\"><a href=\"https:\/\/www.revistazetta.com\/wp-content\/uploads\/2014\/11\/Afiche-Picnic-Barullo-01-4.jpg\"><img loading=\"lazy\" decoding=\"async\" class=\"size-medium wp-image-3769 alignright\" alt=\"AF Afiche Picnic Barullo\" src=\"https:\/\/www.revistazetta.com\/wp-content\/uploads\/2014\/11\/Afiche-Picnic-Barullo-01-4-209x300.jpg\" width=\"209\" height=\"300\" srcset=\"https:\/\/revistazetta.com\/wp-content\/uploads\/2014\/11\/Afiche-Picnic-Barullo-01-4-209x300.jpg 209w, https:\/\/revistazetta.com\/wp-content\/uploads\/2014\/11\/Afiche-Picnic-Barullo-01-4.jpg 413w\" sizes=\"auto, (max-width: 209px) 100vw, 209px\" \/><\/a>M\u00e1s de 300 comensales podr\u00e1n degustar exquisitos platos de la gastronom\u00eda local, nacional e internacional y aportar valiosos recursos para garantizar educaci\u00f3n de calidad a 400 menores de edad residentes en barrios del suroccidente de la ciudad.<\/span><\/p>\n<p>La Fundaci\u00f3n Hogar Juvenil, organizaci\u00f3n sin \u00e1nimo de lucro no gubernamental, que trabaja en pro de las comunidades vulnerables, impulsando y ejecutando proyectos sociales en beneficio de la primera infancia de Cartagena de Indias, logr\u00f3 reunir a los mejores chefs de la capital de Bol\u00edvar quienes preparar\u00e1n lo m\u00e1s selecto del men\u00fa de sus restaurantes para ofrecer un gran banquete a todos los ciudadanos que deseen generar m\u00e1s oportunidades de desarrollo social para los ni\u00f1os y ni\u00f1as de la ciudad.<\/p>\n<p>La actividad denominada \u201cPicnic Barullo\u201d se llevar\u00e1 a cabo el pr\u00f3ximo 28 de noviembre, a las 6:00 de la tarde, en la explanada de la Torre del Reloj y contar\u00e1 con la presencia de la actriz y modelo cartagenera Yeimy Paola Vargas, una mujer comprometida con mejorar las condiciones sociales de la ni\u00f1ez.<\/p>\n<p><a href=\"https:\/\/www.revistazetta.com\/wp-content\/uploads\/2014\/11\/Volante-Picnic-Barullo-Retiro-01-2.jpg\"><img loading=\"lazy\" decoding=\"async\" class=\"size-medium wp-image-3770 alignleft\" alt=\"Basic CMYK\" src=\"https:\/\/www.revistazetta.com\/wp-content\/uploads\/2014\/11\/Volante-Picnic-Barullo-Retiro-01-2-300x187.jpg\" width=\"300\" height=\"187\" srcset=\"https:\/\/revistazetta.com\/wp-content\/uploads\/2014\/11\/Volante-Picnic-Barullo-Retiro-01-2-300x187.jpg 300w, https:\/\/revistazetta.com\/wp-content\/uploads\/2014\/11\/Volante-Picnic-Barullo-Retiro-01-2.jpg 576w\" sizes=\"auto, (max-width: 300px) 100vw, 300px\" \/><\/a>Con una disponibilidad de 300 cupos, los asistentes, adem\u00e1s de deleitar una gran combinaci\u00f3n de sabores, podr\u00e1n admirar la din\u00e1mica pasarela de la academia de modelaje de Elida Castro. El grupo \u201cBazurto All Stars\u201d pondr\u00e1 el toque r\u00edtmico y musical con sonidos caribe\u00f1os.<\/p>\n","protected":false},"excerpt":{"rendered":"<p>M\u00e1s de 300 comensales podr\u00e1n degustar exquisitos platos de la gastronom\u00eda local, nacional e internacional y aportar valiosos recursos para garantizar educaci\u00f3n de calidad a 400 menores de edad residentes en barrios del suroccidente de la ciudad. La Fundaci\u00f3n Hogar Juvenil, organizaci\u00f3n sin \u00e1nimo de lucro no gubernamental, que trabaja en pro de las comunidades vulnerables, impulsando y ejecutando proyectos sociales en beneficio de la primera infancia de Cartagena de Indias, logr\u00f3 reunir a los mejores chefs de la capital de Bol\u00edvar quienes preparar\u00e1n lo m\u00e1s selecto del men\u00fa de&#8230; <\/p>\n","protected":false},"author":3,"featured_media":3768,"comment_status":"closed","ping_status":"closed","sticky":false,"template":"","format":"standard","meta":{"footnotes":"","_links_to":"","_links_to_target":""},"categories":[2,32],"tags":[],"class_list":["post-3767","post","type-post","status-publish","format-standard","has-post-thumbnail","hentry","category-actualidad","category-actualidad-distrito"],"_links":{"self":[{"href":"https:\/\/revistazetta.com\/index.php?rest_route=\/wp\/v2\/posts\/3767","targetHints":{"allow":["GET"]}}],"collection":[{"href":"https:\/\/revistazetta.com\/index.php?rest_route=\/wp\/v2\/posts"}],"about":[{"href":"https:\/\/revistazetta.com\/index.php?rest_route=\/wp\/v2\/types\/post"}],"author":[{"embeddable":true,"href":"https:\/\/revistazetta.com\/index.php?rest_route=\/wp\/v2\/users\/3"}],"replies":[{"embeddable":true,"href":"https:\/\/revistazetta.com\/index.php?rest_route=%2Fwp%2Fv2%2Fcomments&post=3767"}],"version-history":[{"count":0,"href":"https:\/\/revistazetta.com\/index.php?rest_route=\/wp\/v2\/posts\/3767\/revisions"}],"wp:featuredmedia":[{"embeddable":true,"href":"https:\/\/revistazetta.com\/index.php?rest_route=\/wp\/v2\/media\/3768"}],"wp:attachment":[{"href":"https:\/\/revistazetta.com\/index.php?rest_route=%2Fwp%2Fv2%2Fmedia&parent=3767"}],"wp:term":[{"taxonomy":"category","embeddable":true,"href":"https:\/\/revistazetta.com\/index.php?rest_route=%2Fwp%2Fv2%2Fcategories&post=3767"},{"taxonomy":"post_tag","embeddable":true,"href":"https:\/\/revistazetta.com\/index.php?rest_route=%2Fwp%2Fv2%2Ftags&post=3767"}],"curies":[{"name":"wp","href":"https:\/\/api.w.org\/{rel}","templated":true}]}}