{"id":37756,"date":"2020-10-12T10:43:21","date_gmt":"2020-10-12T15:43:21","guid":{"rendered":"https:\/\/revistazetta.com\/?p=37756"},"modified":"2021-12-08T17:36:13","modified_gmt":"2021-12-08T22:36:13","slug":"sobrepoblacion-de-algas-y-peces-y-altas-temperaturas-pudieron-generar-mortandad-en-lago-de-serena-del-mar","status":"publish","type":"post","link":"https:\/\/revistazetta.com\/?p=37756","title":{"rendered":"Sobrepoblaci\u00f3n de algas y peces y altas temperaturas pudieron generar mortandad en lago de Serena del Mar"},"content":{"rendered":"<p style=\"text-align: left;\" align=\"center\"><span lang=\"ES\">Frente a la situaci\u00f3n que se registr\u00f3 en Serena del Mar con los peces en lago artificial, el desarrollo urban\u00edstico inform\u00f3 que\u00a0<\/span><span lang=\"ES\">recibi\u00f3 la visita del Director de la Corporaci\u00f3n Aut\u00f3noma Regional del Canal del Duque,\u00a0Angelo Bacci Hern\u00e1ndez, con quien se realiz\u00f3 una inspecci\u00f3n en el Gran Canal para determinar las posibles causas y seg\u00fan\u00a0<\/span><span lang=\"ES\">lo observado y de acuerdo a lo informado por la autoridad ambiental, es posible que esta situaci\u00f3n est\u00e9 asociada a una sobrepoblaci\u00f3n de algas y peces, sumado a las altas temperaturas que est\u00e1n registrando, aspectos que podr\u00edan estar generando una disminuci\u00f3n de ox\u00edgeno en este cuerpo de agua artificial.<\/span><\/p>\n<p style=\"text-align: left;\" align=\"center\">Por ello se proceder\u00e1\u00a0<span lang=\"ES\">con el retiro de algas y un control poblacional de peces, de igual manera, se continuar\u00e1 con el monitoreo de los niveles de ox\u00edgeno del Gran Canal. <\/span><\/p>\n<p><span lang=\"ES\">\u00abTal y como lo ha hecho Serena del Mar, seguir\u00e1 trabajando en conjunto con las entidades competentes para garantizar el cuidado y protecci\u00f3n de los cuerpos de agua y todo el entorno natural de Serena del Mar, en el entendido que en La Ciudad So\u00f1ada la integraci\u00f3n con la naturaleza hace parte de los pilares sobre los cuales se desarrolla\u00bb, dijo la firma en un comunicado.\u00a0<\/span><\/p>\n<p style=\"text-align: left;\" align=\"center\">Serena del Mar dio que \u00abHemos podido constatar que los esfuerzos que se han hecho en Serena del Mar para integrarnos con la naturaleza est\u00e1n generando frutos. Es as\u00ed como en el lago artificial hemos visto la proliferaci\u00f3n de diferentes variedades de peces\u00bb.<\/p>\n<p><span lang=\"ES\">\u00ab<\/span><span lang=\"ES\">En este proceso, y en la b\u00fasqueda de los equilibrios necesarios, hemos detectado que se hace necesario hacer un seguimiento muy minucioso a aspectos como: el conteo de peces, el control de algas, y el seguimiento de las temperaturas hasta lograr que el ecosistema, que ha surgido en lago artificial, alcance su balance\u00bb. <\/span><\/p>\n<p>&nbsp;<\/p>\n","protected":false},"excerpt":{"rendered":"<p>Frente a la situaci\u00f3n que se registr\u00f3 en Serena del Mar con los peces en lago artificial, el desarrollo urban\u00edstico inform\u00f3 que\u00a0recibi\u00f3 la visita del Director de la Corporaci\u00f3n Aut\u00f3noma Regional del Canal del Duque,\u00a0Angelo Bacci Hern\u00e1ndez, con quien se realiz\u00f3 una inspecci\u00f3n en el Gran Canal para determinar las posibles causas y seg\u00fan\u00a0lo observado y de acuerdo a lo informado por la autoridad ambiental, es posible que esta situaci\u00f3n est\u00e9 asociada a una sobrepoblaci\u00f3n de algas y peces, sumado a las altas temperaturas que est\u00e1n registrando, aspectos que podr\u00edan&#8230; <\/p>\n","protected":false},"author":3,"featured_media":37757,"comment_status":"closed","ping_status":"closed","sticky":false,"template":"","format":"standard","meta":{"footnotes":"","_links_to":"","_links_to_target":""},"categories":[3],"tags":[303,394,354],"class_list":["post-37756","post","type-post","status-publish","format-standard","has-post-thumbnail","hentry","category-ciudad","tag-ambiente","tag-ecologia","tag-serena-del-mar"],"_links":{"self":[{"href":"https:\/\/revistazetta.com\/index.php?rest_route=\/wp\/v2\/posts\/37756","targetHints":{"allow":["GET"]}}],"collection":[{"href":"https:\/\/revistazetta.com\/index.php?rest_route=\/wp\/v2\/posts"}],"about":[{"href":"https:\/\/revistazetta.com\/index.php?rest_route=\/wp\/v2\/types\/post"}],"author":[{"embeddable":true,"href":"https:\/\/revistazetta.com\/index.php?rest_route=\/wp\/v2\/users\/3"}],"replies":[{"embeddable":true,"href":"https:\/\/revistazetta.com\/index.php?rest_route=%2Fwp%2Fv2%2Fcomments&post=37756"}],"version-history":[{"count":0,"href":"https:\/\/revistazetta.com\/index.php?rest_route=\/wp\/v2\/posts\/37756\/revisions"}],"wp:featuredmedia":[{"embeddable":true,"href":"https:\/\/revistazetta.com\/index.php?rest_route=\/wp\/v2\/media\/37757"}],"wp:attachment":[{"href":"https:\/\/revistazetta.com\/index.php?rest_route=%2Fwp%2Fv2%2Fmedia&parent=37756"}],"wp:term":[{"taxonomy":"category","embeddable":true,"href":"https:\/\/revistazetta.com\/index.php?rest_route=%2Fwp%2Fv2%2Fcategories&post=37756"},{"taxonomy":"post_tag","embeddable":true,"href":"https:\/\/revistazetta.com\/index.php?rest_route=%2Fwp%2Fv2%2Ftags&post=37756"}],"curies":[{"name":"wp","href":"https:\/\/api.w.org\/{rel}","templated":true}]}}