{"id":38045,"date":"2020-11-09T17:22:19","date_gmt":"2020-11-09T22:22:19","guid":{"rendered":"https:\/\/revistazetta.com\/?p=38045"},"modified":"2020-11-09T17:22:19","modified_gmt":"2020-11-09T22:22:19","slug":"supersalud-ordena-liquidacion-forzosa-del-programa-de-salud-de-comfamiliar-cartagena-y-bolivar","status":"publish","type":"post","link":"https:\/\/revistazetta.com\/?p=38045","title":{"rendered":"Supersalud ordena liquidaci\u00f3n forzosa del programa de salud de Comfamiliar Cartagena y Bol\u00edvar"},"content":{"rendered":"<p>La Superintendencia Nacional de Salud orden\u00f3 la toma de posesi\u00f3n de los bienes, haberes y negocios y la intervenci\u00f3n forzosa para liquidar el Programa de Salud de la Caja de Compensaci\u00f3n Familiar de Cartagena y Bol\u00edvar, Comfamiliar.<span class=\"Apple-converted-space\">\u00a0<\/span><\/p>\n<p>La decisi\u00f3n adoptada por la entidad de control se debe a que Comfamiliar Cartagena no ha logrado resolver los hallazgos que dieron origen a la medida preventiva de vigilancia especial, lo que representa un riesgo para la correcta atenci\u00f3n de sus 137.067 afiliados, en Cartagena y otros 19 municipios de este departamento.<span class=\"Apple-converted-space\">\u00a0<\/span><\/p>\n<p>Desde agosto de 2016, la Supersalud hab\u00eda ordenado la medida preventiva de vigilancia especial y se realizaron 8 pr\u00f3rrogas de esta, sin embargo, la entidad finalmente no pudo corregir su desempe\u00f1o ni subsanar sus problemas administrativos, financieros, contractuales y asistenciales.<span class=\"Apple-converted-space\">\u00a0<\/span><\/p>\n<p>El delegado para las Medidas Especiales de la Supersalud, Germ\u00e1n Augusto Guerrero, indic\u00f3 que el saldo del pasivo de la EPS al cierre del mes de agosto fue de $189.419 millones y el patrimonio de -$119.966 millones.<span class=\"Apple-converted-space\">\u00a0<\/span><\/p>\n<p>\u201cPresenta un nivel de endeudamiento de 273%, reflejando una alta participaci\u00f3n del pasivo total frente al activo total, donde la entidad adeuda m\u00e1s de 2 veces el valor de su activo\u201d, agreg\u00f3 el funcionario.<span class=\"Apple-converted-space\">\u00a0<\/span><\/p>\n<p>Adicionalmente, la Supersalud evidenci\u00f3 que la EPS no adelanta las acciones correspondientes para identificar, depurar, conciliar y pagar las obligaciones derivadas de la prestaci\u00f3n de los servicios de salud.<span class=\"Apple-converted-space\">\u00a0<\/span><\/p>\n<p>Tambi\u00e9n, el Programa de Salud de Comfamiliar incumple con las condiciones financieras y de solvencia, de capital m\u00ednimo, patrimonio adecuado y r\u00e9gimen de inversiones de las reservas t\u00e9cnicas.<\/p>\n<p>En el seguimiento realizado por la Superintendencia al componente t\u00e9cnico- cient\u00edfico de la EPS, se identific\u00f3 que los mayores motivos de radicaci\u00f3n de quejas de los usuarios son la falta de oportunidad en la entrega de medicamentos y la falta de oportunidad en asignaci\u00f3n de citas de consulta m\u00e9dica especializada.<span class=\"Apple-converted-space\">\u00a0<\/span><\/p>\n<p>As\u00ed mismo, presenta cifras elevadas de mortalidad materna, mortalidad perinatal, mortalidad en menos de 5 a\u00f1os por enfermedad respiratoria aguda y en otros 12 indicadores, que demuestran una inaceptable gesti\u00f3n en riesgo en salud.<span class=\"Apple-converted-space\">\u00a0<\/span><\/p>\n<p>De los 5 indicadores en seguimiento para la gesti\u00f3n del riesgo del c\u00e1ncer de c\u00e9rvix y mama, presenta incumplimiento en 4 indicadores. Sumado a esto, se evidencia una cobertura insuficiente en los servicios de baja complejidad: consulta de medicina general, odontolog\u00eda general y el servicio de laboratorio cl\u00ednico.<span class=\"Apple-converted-space\">\u00a0<\/span><\/p>\n<p>En cuanto al desempe\u00f1o frente a la emergencia sanitaria ocasionada por el COVID 19, presenta un bajo porcentaje de entrega de medicamentos en el domicilio a usuarios mayores de 70, con porcentajes que oscilan entre el 1 y 5% para los meses de abril a septiembre de 2020.<span class=\"Apple-converted-space\">\u00a0<\/span><\/p>\n<p><b>Usuarios estrenan EPS<span class=\"Apple-converted-space\">\u00a0<\/span><\/b><\/p>\n<p>Los afiliados de esta entidad ser\u00e1n trasladados a otras EPS, de acuerdo con la asignaci\u00f3n que har\u00e1 el Ministerio de Salud y Protecci\u00f3n Social, y el proceso no afectar\u00e1 la prestaci\u00f3n de los servicios.<span class=\"Apple-converted-space\">\u00a0<\/span><\/p>\n<p>\u201cLas EPS que acojan a estos usuarios y a sus familias deber\u00e1n garantizarles una atenci\u00f3n \u00f3ptima en toda su red de prestaci\u00f3n de servicios, que les permita a los afiliados contar con sus medicamentos al d\u00eda, consultas especializadas y la continuidad de sus tratamientos\u201d, destac\u00f3 Guerrero G\u00f3mez.<span class=\"Apple-converted-space\">\u00a0<\/span><\/p>\n<p>Con la liquidaci\u00f3n del Programa de Salud Comfamiliar Cartagena y Bol\u00edvar, ser\u00e1n nueve las EPS que han salido del sistema en los \u00faltimos a\u00f1os y se completan cerca de 3.2 millones de usuarios que han podido estrenar un mejor servicio de salud en todo el pa\u00eds.<span class=\"Apple-converted-space\">\u00a0<\/span><\/p>\n","protected":false},"excerpt":{"rendered":"<p>La Superintendencia Nacional de Salud orden\u00f3 la toma de posesi\u00f3n de los bienes, haberes y negocios y la intervenci\u00f3n forzosa para liquidar el Programa de Salud de la Caja de Compensaci\u00f3n Familiar de Cartagena y Bol\u00edvar, Comfamiliar.\u00a0 La decisi\u00f3n adoptada por la entidad de control se debe a que Comfamiliar Cartagena no ha logrado resolver los hallazgos que dieron origen a la medida preventiva de vigilancia especial, lo que representa un riesgo para la correcta atenci\u00f3n de sus 137.067 afiliados, en Cartagena y otros 19 municipios de este departamento.\u00a0 Desde&#8230; <\/p>\n","protected":false},"author":3,"featured_media":38046,"comment_status":"closed","ping_status":"closed","sticky":false,"template":"","format":"standard","meta":{"footnotes":"","_links_to":"","_links_to_target":""},"categories":[2],"tags":[294],"class_list":["post-38045","post","type-post","status-publish","format-standard","has-post-thumbnail","hentry","category-actualidad","tag-actualidad"],"_links":{"self":[{"href":"https:\/\/revistazetta.com\/index.php?rest_route=\/wp\/v2\/posts\/38045","targetHints":{"allow":["GET"]}}],"collection":[{"href":"https:\/\/revistazetta.com\/index.php?rest_route=\/wp\/v2\/posts"}],"about":[{"href":"https:\/\/revistazetta.com\/index.php?rest_route=\/wp\/v2\/types\/post"}],"author":[{"embeddable":true,"href":"https:\/\/revistazetta.com\/index.php?rest_route=\/wp\/v2\/users\/3"}],"replies":[{"embeddable":true,"href":"https:\/\/revistazetta.com\/index.php?rest_route=%2Fwp%2Fv2%2Fcomments&post=38045"}],"version-history":[{"count":0,"href":"https:\/\/revistazetta.com\/index.php?rest_route=\/wp\/v2\/posts\/38045\/revisions"}],"wp:featuredmedia":[{"embeddable":true,"href":"https:\/\/revistazetta.com\/index.php?rest_route=\/wp\/v2\/media\/38046"}],"wp:attachment":[{"href":"https:\/\/revistazetta.com\/index.php?rest_route=%2Fwp%2Fv2%2Fmedia&parent=38045"}],"wp:term":[{"taxonomy":"category","embeddable":true,"href":"https:\/\/revistazetta.com\/index.php?rest_route=%2Fwp%2Fv2%2Fcategories&post=38045"},{"taxonomy":"post_tag","embeddable":true,"href":"https:\/\/revistazetta.com\/index.php?rest_route=%2Fwp%2Fv2%2Ftags&post=38045"}],"curies":[{"name":"wp","href":"https:\/\/api.w.org\/{rel}","templated":true}]}}