{"id":38062,"date":"2020-11-10T06:47:17","date_gmt":"2020-11-10T11:47:17","guid":{"rendered":"https:\/\/revistazetta.com\/?p=38062"},"modified":"2020-11-10T06:57:51","modified_gmt":"2020-11-10T11:57:51","slug":"mocion-de-observacion-a-director-de-atento-humano-de-la-alcaldia","status":"publish","type":"post","link":"https:\/\/revistazetta.com\/?p=38062","title":{"rendered":"Moci\u00f3n de Observaci\u00f3n a Director de Talento Humano del gobierno Dau"},"content":{"rendered":"<blockquote><p><strong>No es un \u00abknock-out\u00bb pero s\u00ed lo deja tambaleante. De acuerdo la Corte Constitucional, la moci\u00f3n de observaci\u00f3n tiene el prop\u00f3sito de formular un reproche pol\u00edtico al funcionario p\u00fablico sin que esto traiga como consecuencia su dimisi\u00f3n.<\/strong><\/p><\/blockquote>\n<p>El Concejo de Cartagena aprob\u00f3 una moci\u00f3n de Observaci\u00f3n al director de Talento Humano de la Alcald\u00eda de Cartagena Adelfo Doria, a ra\u00edz de actuaciones contrarias al ordenamiento legal que afectaron a empleados de planta y sindicatos del distrito. En termino futbol\u00edsticos es una especie de \u00abtarjeta amarilla\u00bb.<\/p>\n<p>La moci\u00f3n fue aprobada con 17 votos a favor y 2 concejales ausentes (Arboleda y Curi), y de esta manera el Concejo super\u00f3 una etapa de notoria divisi\u00f3n reflejada en la votaci\u00f3n para la fallida elecci\u00f3n del contralor H\u00e9ctor Consuegra y de la Mesa Directiva 2021.<\/p>\n<p>El voto en bloque de 17 concejales incluye a la bancada de gobierno del partido Alianza Verde, conformada por los concejales L\u00fader Ariza y Sergio Mendoza. Tambi\u00e9n aprob\u00f3 la moci\u00f3n el concejal Javier Julio, quien en la misma sesi\u00f3n comunic\u00f3 que su partido MAIS retira el apoy\u00f3 al gobierno Dau y se declara en independencia.<\/p>\n<p>El director de Talento Humano, Adelfo Doria, dio lectura a un oficio en el que presenta los descargos relacionados con la moci\u00f3n y las respuestas a las inquietudes planteadas en el debate del 28 de octubre.<\/p>\n<p>En el oficio se\u00f1ala que la moci\u00f3n obedece a presuntas actuaciones contrarias al ordenamiento legal y que afectan a los empleados del Distrito, sin embargo, Doria asegur\u00f3 que sus actuaciones han estado apegadas a la ley, igual que los contratos efectuados hasta la fecha.<\/p>\n<p>Doria indic\u00f3 que de las personas que consideraron que sus derechos se afectaron por el concurso de m\u00e9ritos y acudieron a jueces, en el 95% de los casos se fall\u00f3 a favor del Distrito; tambi\u00e9n inform\u00f3 que algunas personas que fueron desvinculadas por el concurso han sido nuevamente contratadas por prestaci\u00f3n de servicios y asegur\u00f3 que no se han violado acuerdos laborales.<\/p>\n<p>En los casos de las 6 personas que presentan enfermedades catastr\u00f3ficas y fueron afectadas por el concurso, el funcionario dio a conocer que todas est\u00e1n vinculadas a la Administraci\u00f3n, as\u00ed como quienes ostentan la categor\u00eda de prepensionados. De igual forma present\u00f3 sus argumentos sobre los casos de Hermelina Me\u00f1aca, Luis Mercado, Bartolo Hern\u00e1ndez, y Abraham Curi. Finalmente, solicit\u00f3 al Concejo desestimar la moci\u00f3n.<\/p>\n<p>El concejal\u00a0<strong>Carlos Barrios<\/strong>\u00a0(Cambio Radical) se\u00f1al\u00f3 varios casos que no tuvieron respuesta, como el de Sarid Guzm\u00e1n, Ricardo Romero, Carmelo Hern\u00e1ndez, y Rodolfo Rodr\u00edguez, y destac\u00f3 que deben ser revisados, pues en algunos parece que solo se dieron actuaciones luego del debate en el Concejo.<\/p>\n<p>Adem\u00e1s, expres\u00f3 que el caso de Hermelina Me\u00f1aca parece m\u00e1s bien un juicio pol\u00edtico, por tratarse de la esposa del concejal \u00d3scar Mar\u00edn, y resalt\u00f3 que no se inform\u00f3 que para reintegrarla el Distrito debi\u00f3 pagar $44 millones.<\/p>\n<p>Al respecto, Doria manifest\u00f3 que esos casos se abordaron el 28 de octubre, especialmente en lo relacionado a Rodolfo Rodr\u00edguez, toda vez que fue necesario crear un cargo para reincorporarlo.<\/p>\n<p>Los concejales\u00a0<strong>Kattya Mendoza<\/strong>\u00a0(Liberal),\u00a0<strong>Lewis Montero<\/strong>\u00a0(La U), y\u00a0<strong>\u00d3scar Mar\u00edn<\/strong>\u00a0(Conservador) se refirieron a los casos de Lilia Ch\u00e1vez, Sonia Paredes, y Ang\u00e9lica Iriarte, ya que no tuvieron respuestas en los descargos del funcionario.<\/p>\n<p>&nbsp;<\/p>\n<p>&nbsp;<\/p>\n<p>&nbsp;<\/p>\n","protected":false},"excerpt":{"rendered":"<p>No es un \u00abknock-out\u00bb pero s\u00ed lo deja tambaleante. De acuerdo la Corte Constitucional, la moci\u00f3n de observaci\u00f3n tiene el prop\u00f3sito de formular un reproche pol\u00edtico al funcionario p\u00fablico sin que esto traiga como consecuencia su dimisi\u00f3n. El Concejo de Cartagena aprob\u00f3 una moci\u00f3n de Observaci\u00f3n al director de Talento Humano de la Alcald\u00eda de Cartagena Adelfo Doria, a ra\u00edz de actuaciones contrarias al ordenamiento legal que afectaron a empleados de planta y sindicatos del distrito. En termino futbol\u00edsticos es una especie de \u00abtarjeta amarilla\u00bb. La moci\u00f3n fue aprobada con&#8230; <\/p>\n","protected":false},"author":3,"featured_media":38063,"comment_status":"closed","ping_status":"closed","sticky":false,"template":"","format":"standard","meta":{"footnotes":"","_links_to":"","_links_to_target":""},"categories":[27,75,4],"tags":[143,285,298],"class_list":["post-38062","post","type-post","status-publish","format-standard","has-post-thumbnail","hentry","category-politicaconcejo","category-destacada","category-politica","tag-concejo","tag-destacada","tag-politica"],"_links":{"self":[{"href":"https:\/\/revistazetta.com\/index.php?rest_route=\/wp\/v2\/posts\/38062","targetHints":{"allow":["GET"]}}],"collection":[{"href":"https:\/\/revistazetta.com\/index.php?rest_route=\/wp\/v2\/posts"}],"about":[{"href":"https:\/\/revistazetta.com\/index.php?rest_route=\/wp\/v2\/types\/post"}],"author":[{"embeddable":true,"href":"https:\/\/revistazetta.com\/index.php?rest_route=\/wp\/v2\/users\/3"}],"replies":[{"embeddable":true,"href":"https:\/\/revistazetta.com\/index.php?rest_route=%2Fwp%2Fv2%2Fcomments&post=38062"}],"version-history":[{"count":0,"href":"https:\/\/revistazetta.com\/index.php?rest_route=\/wp\/v2\/posts\/38062\/revisions"}],"wp:featuredmedia":[{"embeddable":true,"href":"https:\/\/revistazetta.com\/index.php?rest_route=\/wp\/v2\/media\/38063"}],"wp:attachment":[{"href":"https:\/\/revistazetta.com\/index.php?rest_route=%2Fwp%2Fv2%2Fmedia&parent=38062"}],"wp:term":[{"taxonomy":"category","embeddable":true,"href":"https:\/\/revistazetta.com\/index.php?rest_route=%2Fwp%2Fv2%2Fcategories&post=38062"},{"taxonomy":"post_tag","embeddable":true,"href":"https:\/\/revistazetta.com\/index.php?rest_route=%2Fwp%2Fv2%2Ftags&post=38062"}],"curies":[{"name":"wp","href":"https:\/\/api.w.org\/{rel}","templated":true}]}}