{"id":38065,"date":"2020-11-10T07:05:56","date_gmt":"2020-11-10T12:05:56","guid":{"rendered":"https:\/\/revistazetta.com\/?p=38065"},"modified":"2020-11-10T07:05:56","modified_gmt":"2020-11-10T12:05:56","slug":"homenaje-del-concejo-al-compositor-de-suena-buscapie","status":"publish","type":"post","link":"https:\/\/revistazetta.com\/?p=38065","title":{"rendered":"Homenaje del Concejo al compositor de \u00abSuena buscapi\u00e9\u00bb"},"content":{"rendered":"<p>Mediante resoluci\u00f3n de Mesa Directiva, el Concejo Distrital de Cartagena, Otorg\u00f3 la Orden Civil al M\u00e9rito \u201cCartagena Patrimonio Hist\u00f3rico y Cultural de la Humanidad\u201d en el Grado Gran Oficial al arquitecto, compositor y pintor <strong>Hugo Bustillo Osorio, <\/strong>por sus aportes a la arquitectura y al esplendor de la cultura en la ciudad de Cartagena de Indias y el departamento de Bol\u00edvar.<\/p>\n<p><strong>Hugo Bustillo Osorio\u00a0<\/strong>es un artista cartagenero y reconocido compositor de m\u00e1s de treinta canciones de m\u00fasica folcl\u00f3rica que goza de un reconocimiento y aprecio por parte del pueblo bolivarense; y entre sus composiciones se destaca \u00a0el tema el \u201cBuscapi\u00e9\u201d una de las canciones que desde el primer d\u00eda se convirti\u00f3 en la m\u00e1s escuchada y cantada en las Fiestas de la Independencia de Cartagena de Indias de cada a\u00f1o.<\/p>\n<p><strong>Hugo Bustillo Osorio <\/strong>se ha desempe\u00f1ado profesionalmente como arquitecto en la Divisi\u00f3n de Urbanismo de Planeaci\u00f3n Distrital de Cartagena, asesor de la Oficina de Control Urbano de Cartagena, asesor de la Divisi\u00f3n de Patrimonio y Cultura &#8211; IPCC, dise\u00f1ador y constructor de obras civiles y p\u00fablicas, entre otros cargos.<br \/>\nLa condecoraci\u00f3n le ser\u00e1 impuesta en ceremonia especial ma\u00f1ana 11 de noviembre en el sal\u00f3n principal de actos especiales de la corporaci\u00f3n, por una comisi\u00f3n especial de cabildantes escogidos para tal fin.<\/p>\n","protected":false},"excerpt":{"rendered":"<p>Mediante resoluci\u00f3n de Mesa Directiva, el Concejo Distrital de Cartagena, Otorg\u00f3 la Orden Civil al M\u00e9rito \u201cCartagena Patrimonio Hist\u00f3rico y Cultural de la Humanidad\u201d en el Grado Gran Oficial al arquitecto, compositor y pintor Hugo Bustillo Osorio, por sus aportes a la arquitectura y al esplendor de la cultura en la ciudad de Cartagena de Indias y el departamento de Bol\u00edvar. Hugo Bustillo Osorio\u00a0es un artista cartagenero y reconocido compositor de m\u00e1s de treinta canciones de m\u00fasica folcl\u00f3rica que goza de un reconocimiento y aprecio por parte del pueblo bolivarense;&#8230; <\/p>\n","protected":false},"author":3,"featured_media":38066,"comment_status":"closed","ping_status":"closed","sticky":false,"template":"","format":"standard","meta":{"footnotes":"","_links_to":"","_links_to_target":""},"categories":[41,43],"tags":[290,304],"class_list":["post-38065","post","type-post","status-publish","format-standard","has-post-thumbnail","hentry","category-cultura","category-cultura-musica","tag-cultura","tag-musica"],"_links":{"self":[{"href":"https:\/\/revistazetta.com\/index.php?rest_route=\/wp\/v2\/posts\/38065","targetHints":{"allow":["GET"]}}],"collection":[{"href":"https:\/\/revistazetta.com\/index.php?rest_route=\/wp\/v2\/posts"}],"about":[{"href":"https:\/\/revistazetta.com\/index.php?rest_route=\/wp\/v2\/types\/post"}],"author":[{"embeddable":true,"href":"https:\/\/revistazetta.com\/index.php?rest_route=\/wp\/v2\/users\/3"}],"replies":[{"embeddable":true,"href":"https:\/\/revistazetta.com\/index.php?rest_route=%2Fwp%2Fv2%2Fcomments&post=38065"}],"version-history":[{"count":0,"href":"https:\/\/revistazetta.com\/index.php?rest_route=\/wp\/v2\/posts\/38065\/revisions"}],"wp:featuredmedia":[{"embeddable":true,"href":"https:\/\/revistazetta.com\/index.php?rest_route=\/wp\/v2\/media\/38066"}],"wp:attachment":[{"href":"https:\/\/revistazetta.com\/index.php?rest_route=%2Fwp%2Fv2%2Fmedia&parent=38065"}],"wp:term":[{"taxonomy":"category","embeddable":true,"href":"https:\/\/revistazetta.com\/index.php?rest_route=%2Fwp%2Fv2%2Fcategories&post=38065"},{"taxonomy":"post_tag","embeddable":true,"href":"https:\/\/revistazetta.com\/index.php?rest_route=%2Fwp%2Fv2%2Ftags&post=38065"}],"curies":[{"name":"wp","href":"https:\/\/api.w.org\/{rel}","templated":true}]}}