{"id":38128,"date":"2020-11-14T05:57:54","date_gmt":"2020-11-14T10:57:54","guid":{"rendered":"https:\/\/revistazetta.com\/?p=38128"},"modified":"2020-11-14T05:57:54","modified_gmt":"2020-11-14T10:57:54","slug":"por-faltas-graves-cometidas-a-titulo-de-culpa-grave-procuraduria-suspendio-a-carlos-coronado-y-clara-ines-sagre","status":"publish","type":"post","link":"https:\/\/revistazetta.com\/?p=38128","title":{"rendered":"Por \u00abfaltas graves cometidas a t\u00edtulo de culpa grave\u00bb, Procuradur\u00eda suspendi\u00f3 a Carlos Coronado y Clara In\u00e9s Sagre"},"content":{"rendered":"<p>La Procuradur\u00eda General de la Naci\u00f3n sancion\u00f3 con suspensi\u00f3n de dos meses al exsecretario General de la alcald\u00eda de Cartagena, Carlos Coronado Yanc\u00e9s (2013 \u2013 2015), y de tres meses a la exsecretaria de Educaci\u00f3n, Clara In\u00e9s Sagre Hern\u00e1ndez (2013 \u2013 2015), por irregularidades en la convocatoria de dos contratos suscritos por la administraci\u00f3n.<\/p>\n<p>En fallo de segunda instancia, la Procuradur\u00eda Regional de Bol\u00edvar estableci\u00f3 que en las dos licitaciones se fijaron requisitos habilitantes desproporcionados e inadecuados, que limitaron la concurrencia de oferentes y afectaron los intereses de la ciudad y de los posibles interesados en participar en los procesos.<\/p>\n<p>En el primer caso, relacionado con la licitaci\u00f3n abierta para la adecuaci\u00f3n de sedes escolares, exigieron que la experiencia de los oferentes no pod\u00eda acreditarse con obras de naturaleza privada, requisito que no resultaba objetivo, proporcional y racional, pues la pr\u00e1ctica en el ejercicio de la ingenier\u00eda o la arquitectura se adquiere con la aplicaci\u00f3n de los conocimientos en los procesos de construcci\u00f3n, sin importar si son de car\u00e1cter p\u00fablico o privado.<\/p>\n<p>En la segunda licitaci\u00f3n, que ten\u00eda como objeto la contrataci\u00f3n del servicio de vigilancia para los colegios del Distrito<\/p>\n<p>, se exigi\u00f3 que las empresas interesadas efectuaran a su personal, con anterioridad a la apertura del proceso contractual, un examen sicof\u00edsico y una prueba de pol\u00edgrafo, as\u00ed como tambi\u00e9n estar inscritas en el Registro \u00danico de Proponentes en la clasificaci\u00f3n de servicio de investigaci\u00f3n privada, condiciones que no resultaban proporcionales con las necesidades del servicio requerido y el objeto del contrato.<\/p>\n<p>Para el Ministerio P\u00fablico con su actuaci\u00f3n los investigados vulneraron los principios de transparencia y selecci\u00f3n objetiva, al imponer condiciones injustas, desproporcionadas e inadecuadas que afectaron la participaci\u00f3n de posibles oferentes.<\/p>\n<p>Por esos hechos, el \u00f3rgano de control sancion\u00f3 a Coronado Yances y a Sagre Hern\u00e1ndez, esta \u00faltima por dos cargos disciplinarios, y calific\u00f3 sus conductas como faltas graves cometidas a t\u00edtulo de culpa grave.<\/p>\n<p>En el mismo fallo, la Procuradur\u00eda absolvi\u00f3 de responsabilidad disciplinaria al exsecretario de Infraestructura de Cartagena, Ram\u00f3n de Jes\u00fas Le\u00f3n Hern\u00e1ndez (2012 \u2013 2014).<\/p>\n","protected":false},"excerpt":{"rendered":"<p>La Procuradur\u00eda General de la Naci\u00f3n sancion\u00f3 con suspensi\u00f3n de dos meses al exsecretario General de la alcald\u00eda de Cartagena, Carlos Coronado Yanc\u00e9s (2013 \u2013 2015), y de tres meses a la exsecretaria de Educaci\u00f3n, Clara In\u00e9s Sagre Hern\u00e1ndez (2013 \u2013 2015), por irregularidades en la convocatoria de dos contratos suscritos por la administraci\u00f3n. En fallo de segunda instancia, la Procuradur\u00eda Regional de Bol\u00edvar estableci\u00f3 que en las dos licitaciones se fijaron requisitos habilitantes desproporcionados e inadecuados, que limitaron la concurrencia de oferentes y afectaron los intereses de la ciudad&#8230; <\/p>\n","protected":false},"author":3,"featured_media":38129,"comment_status":"closed","ping_status":"closed","sticky":false,"template":"","format":"standard","meta":{"footnotes":"","_links_to":"","_links_to_target":""},"categories":[4],"tags":[298],"class_list":["post-38128","post","type-post","status-publish","format-standard","has-post-thumbnail","hentry","category-politica","tag-politica"],"_links":{"self":[{"href":"https:\/\/revistazetta.com\/index.php?rest_route=\/wp\/v2\/posts\/38128","targetHints":{"allow":["GET"]}}],"collection":[{"href":"https:\/\/revistazetta.com\/index.php?rest_route=\/wp\/v2\/posts"}],"about":[{"href":"https:\/\/revistazetta.com\/index.php?rest_route=\/wp\/v2\/types\/post"}],"author":[{"embeddable":true,"href":"https:\/\/revistazetta.com\/index.php?rest_route=\/wp\/v2\/users\/3"}],"replies":[{"embeddable":true,"href":"https:\/\/revistazetta.com\/index.php?rest_route=%2Fwp%2Fv2%2Fcomments&post=38128"}],"version-history":[{"count":0,"href":"https:\/\/revistazetta.com\/index.php?rest_route=\/wp\/v2\/posts\/38128\/revisions"}],"wp:featuredmedia":[{"embeddable":true,"href":"https:\/\/revistazetta.com\/index.php?rest_route=\/wp\/v2\/media\/38129"}],"wp:attachment":[{"href":"https:\/\/revistazetta.com\/index.php?rest_route=%2Fwp%2Fv2%2Fmedia&parent=38128"}],"wp:term":[{"taxonomy":"category","embeddable":true,"href":"https:\/\/revistazetta.com\/index.php?rest_route=%2Fwp%2Fv2%2Fcategories&post=38128"},{"taxonomy":"post_tag","embeddable":true,"href":"https:\/\/revistazetta.com\/index.php?rest_route=%2Fwp%2Fv2%2Ftags&post=38128"}],"curies":[{"name":"wp","href":"https:\/\/api.w.org\/{rel}","templated":true}]}}