{"id":38130,"date":"2020-11-14T06:26:49","date_gmt":"2020-11-14T11:26:49","guid":{"rendered":"https:\/\/revistazetta.com\/?p=38130"},"modified":"2020-11-14T06:26:49","modified_gmt":"2020-11-14T11:26:49","slug":"segunda-edicion-del-bogota-fashion-film-festival-se-celebra-con-expertos-en-moda-y-produccion-audiovisual","status":"publish","type":"post","link":"https:\/\/revistazetta.com\/?p=38130","title":{"rendered":"Segunda edici\u00f3n del Bogot\u00e1 Fashion Film Festival se celebra con expertos en moda y producci\u00f3n audiovisual"},"content":{"rendered":"<blockquote><p>A trav\u00e9s del instagram @BogotaFashionFilmFestival, del 23 al 27 de noviembre<\/p><\/blockquote>\n<p>Desde el 23 y hasta al 27 de noviembre, la capital colombiana se vuelve a poner de moda gracias a la celebraci\u00f3n de la segunda edici\u00f3n del Bogot\u00e1 Fashion Film Festival (BogFFF), con el objetivo de generar participaci\u00f3n entre directores, realizadores y profesionales de la industria audiovisual y de la moda. El festival se celebrar\u00e1 de manera virtual por la cuenta de instagram @BogotaFashionFilmFestival.<br \/>\nPara dar inicio al festival, el lunes 23 de noviembre, a las 11:00 de la ma\u00f1ana, Andrea Olmos, Directora General del Bogot\u00e1 Fashion Film Festival, estar\u00e1 en un Instagram Live con V\u00edctor Mu\u00f1oz Rodr\u00edguez, Alto Consejero Presidencial para la Transformaci\u00f3n Digital y la Innovaci\u00f3n Nacional, conversando sobre la importancia de la inversi\u00f3n en tecnolog\u00eda, tanto en la industria de la moda y la producci\u00f3n audiovisual, con el objetivo de generar m\u00e1s empleos y, por supuesto, m\u00e1s productos con calidad internacional.<br \/>\nEse mismo lunes, a las 3:00 pm, la responsabilidad estar\u00e1 a cargo de Catalina Hern\u00e1ndez, Gerente del Sistema Moda de Procolombia, quien centrar\u00e1 su presentaci\u00f3n en el alcance que ha tenido la industria de la moda colombiana en el exterior y la necesidad de generar herramientas digitales de comunicaci\u00f3n innovadoras para seguir impulsando la industria.<br \/>\nEn el segundo d\u00eda del Bogot\u00e1 Fashion Film Festival 2020, el martes 24 de noviembre a las 11:00 am, Francisco Restrepo, actor, director y productor de cine colombiano, radicado en Los \u00c1ngeles, mostrar\u00e1 su visi\u00f3n del impacto que tiene el fashion film como instrumento de producci\u00f3n y comunicaci\u00f3n de moda. Su experiencia en el mercado norteamericano busca expandir el alcance de las producciones colombianas en el exterior.<br \/>\nSiguiendo con la jornada, a las 3:00 de la tarde, Wilmer William, director del reconocido y prestigioso Buenos Aires Internacional Fashion Film Festival, mostrar\u00e1 su visi\u00f3n sobre los fashion filmes como herramienta comunicacional, c\u00f3mo se desarrolla esta herramienta y c\u00f3mo los festivales sirven de plataforma para la promoci\u00f3n de talentos.<br \/>\nEl mi\u00e9rcoles 25 a las 11:00 am, Angela Cortez, Vicepresidenta de Consumer Product para Am\u00e9rica Latina de ViacomCBS, estar\u00e1 en el instagram @BogotaFashionFilmFestival para conversar acerca de la influencia que ha tenido el personaje animado Bob Esponja en la moda. Para terminar la agenda del d\u00eda, a las 3:00 de la tarde, Eva Hern\u00e1ndez, CEO de Piazza Comunicaciones, agencia de relaciones p\u00fablicas espa\u00f1ola con vasta experiencia en el mundo de la moda con marcas como Purificaci\u00f3n Garc\u00eda, Tous, y Swarowski, entre otras, hablar\u00e1 de la importancia de invertir en comunicaciones como elemento potencializador de marcas y talentos.<br \/>\nEl jueves 26 de noviembre a las 11:00 am, ser\u00e1 el turno de Edward Venero para participar en el Bogot\u00e1 Fashion Film Festival. El dise\u00f1ador peruano ha tenido destacadas colaboraciones de moda con personajes como Bob Esponja y Hello Kitty. Explicar\u00e1 c\u00f3mo se pueden trasladar los \u00edconos de la cultura popular a la moda actual y vanguardista.<br \/>\nEl d\u00eda final del festival, el viernes 27 de noviembre, N\u00e9stor Rodr\u00edguez Miranda, presidente de la agencia de mercadeo y publicidad de Canarias, Ad Quiver, presentar\u00e1 su visi\u00f3n de la sinergia que se produce entre la moda y la producci\u00f3n audiovisual.<\/p>\n","protected":false},"excerpt":{"rendered":"<p>A trav\u00e9s del instagram @BogotaFashionFilmFestival, del 23 al 27 de noviembre Desde el 23 y hasta al 27 de noviembre, la capital colombiana se vuelve a poner de moda gracias a la celebraci\u00f3n de la segunda edici\u00f3n del Bogot\u00e1 Fashion Film Festival (BogFFF), con el objetivo de generar participaci\u00f3n entre directores, realizadores y profesionales de la industria audiovisual y de la moda. El festival se celebrar\u00e1 de manera virtual por la cuenta de instagram @BogotaFashionFilmFestival. Para dar inicio al festival, el lunes 23 de noviembre, a las 11:00 de la&#8230; <\/p>\n","protected":false},"author":3,"featured_media":0,"comment_status":"closed","ping_status":"closed","sticky":false,"template":"","format":"standard","meta":{"footnotes":"","_links_to":"","_links_to_target":""},"categories":[60,41],"tags":[291,290],"class_list":["post-38130","post","type-post","status-publish","format-standard","hentry","category-cine","category-cultura","tag-cine","tag-cultura"],"_links":{"self":[{"href":"https:\/\/revistazetta.com\/index.php?rest_route=\/wp\/v2\/posts\/38130","targetHints":{"allow":["GET"]}}],"collection":[{"href":"https:\/\/revistazetta.com\/index.php?rest_route=\/wp\/v2\/posts"}],"about":[{"href":"https:\/\/revistazetta.com\/index.php?rest_route=\/wp\/v2\/types\/post"}],"author":[{"embeddable":true,"href":"https:\/\/revistazetta.com\/index.php?rest_route=\/wp\/v2\/users\/3"}],"replies":[{"embeddable":true,"href":"https:\/\/revistazetta.com\/index.php?rest_route=%2Fwp%2Fv2%2Fcomments&post=38130"}],"version-history":[{"count":0,"href":"https:\/\/revistazetta.com\/index.php?rest_route=\/wp\/v2\/posts\/38130\/revisions"}],"wp:attachment":[{"href":"https:\/\/revistazetta.com\/index.php?rest_route=%2Fwp%2Fv2%2Fmedia&parent=38130"}],"wp:term":[{"taxonomy":"category","embeddable":true,"href":"https:\/\/revistazetta.com\/index.php?rest_route=%2Fwp%2Fv2%2Fcategories&post=38130"},{"taxonomy":"post_tag","embeddable":true,"href":"https:\/\/revistazetta.com\/index.php?rest_route=%2Fwp%2Fv2%2Ftags&post=38130"}],"curies":[{"name":"wp","href":"https:\/\/api.w.org\/{rel}","templated":true}]}}