{"id":38131,"date":"2020-11-14T07:56:59","date_gmt":"2020-11-14T12:56:59","guid":{"rendered":"https:\/\/revistazetta.com\/?p=38131"},"modified":"2020-11-14T07:56:59","modified_gmt":"2020-11-14T12:56:59","slug":"gobernador-blel-esta-a-toda-maquina-supero-covid-19","status":"publish","type":"post","link":"https:\/\/revistazetta.com\/?p=38131","title":{"rendered":"Gobernador Blel est\u00e1 a toda m\u00e1quina: super\u00f3 Covid 19"},"content":{"rendered":"<p>El gobernador de Bol\u00edvar, Vicente Blel Scaff, super\u00f3 el Covid 19 y trabaja desde casa, aunque formalmente volver\u00e1 al cargo el 21 de noviembre.<\/p>\n<p>Ese viernes particip\u00f3 en un Consejo de Gobierno, donde comparti\u00f3 su experiencia en esta etapa de recuperaci\u00f3n Post Covid.<\/p>\n<p>\u00abRevisamos las acciones de este Gobierno que va #ATodaMaquina y le insisto a todos que se cuiden porque estos d\u00edas han sido muy dif\u00edciles\u00bb, expres\u00f3 en su cuenta de Insagram.<\/p>\n<p>\u00abYa me siento muy bien, mi prueba confirmatoria ya arroj\u00f3 resultado negativo y continuar\u00e9 un tiempo m\u00e1s en recuperaci\u00f3n por disposici\u00f3n m\u00e9dica.<\/p>\n<p>Seguimos con toda la fuerza y compromiso por un #BolivarPrimero\u00bb, dijo.<\/p>\n","protected":false},"excerpt":{"rendered":"<p>El gobernador de Bol\u00edvar, Vicente Blel Scaff, super\u00f3 el Covid 19 y trabaja desde casa, aunque formalmente volver\u00e1 al cargo el 21 de noviembre. Ese viernes particip\u00f3 en un Consejo de Gobierno, donde comparti\u00f3 su experiencia en esta etapa de recuperaci\u00f3n Post Covid. \u00abRevisamos las acciones de este Gobierno que va #ATodaMaquina y le insisto a todos que se cuiden porque estos d\u00edas han sido muy dif\u00edciles\u00bb, expres\u00f3 en su cuenta de Insagram. \u00abYa me siento muy bien, mi prueba confirmatoria ya arroj\u00f3 resultado negativo y continuar\u00e9 un tiempo m\u00e1s&#8230; <\/p>\n","protected":false},"author":3,"featured_media":38132,"comment_status":"closed","ping_status":"closed","sticky":false,"template":"","format":"standard","meta":{"footnotes":"","_links_to":"","_links_to_target":""},"categories":[75,80],"tags":[285,300],"class_list":["post-38131","post","type-post","status-publish","format-standard","has-post-thumbnail","hentry","category-destacada","category-region","tag-destacada","tag-region"],"_links":{"self":[{"href":"https:\/\/revistazetta.com\/index.php?rest_route=\/wp\/v2\/posts\/38131","targetHints":{"allow":["GET"]}}],"collection":[{"href":"https:\/\/revistazetta.com\/index.php?rest_route=\/wp\/v2\/posts"}],"about":[{"href":"https:\/\/revistazetta.com\/index.php?rest_route=\/wp\/v2\/types\/post"}],"author":[{"embeddable":true,"href":"https:\/\/revistazetta.com\/index.php?rest_route=\/wp\/v2\/users\/3"}],"replies":[{"embeddable":true,"href":"https:\/\/revistazetta.com\/index.php?rest_route=%2Fwp%2Fv2%2Fcomments&post=38131"}],"version-history":[{"count":0,"href":"https:\/\/revistazetta.com\/index.php?rest_route=\/wp\/v2\/posts\/38131\/revisions"}],"wp:featuredmedia":[{"embeddable":true,"href":"https:\/\/revistazetta.com\/index.php?rest_route=\/wp\/v2\/media\/38132"}],"wp:attachment":[{"href":"https:\/\/revistazetta.com\/index.php?rest_route=%2Fwp%2Fv2%2Fmedia&parent=38131"}],"wp:term":[{"taxonomy":"category","embeddable":true,"href":"https:\/\/revistazetta.com\/index.php?rest_route=%2Fwp%2Fv2%2Fcategories&post=38131"},{"taxonomy":"post_tag","embeddable":true,"href":"https:\/\/revistazetta.com\/index.php?rest_route=%2Fwp%2Fv2%2Ftags&post=38131"}],"curies":[{"name":"wp","href":"https:\/\/api.w.org\/{rel}","templated":true}]}}