{"id":38309,"date":"2020-12-02T08:09:43","date_gmt":"2020-12-02T13:09:43","guid":{"rendered":"https:\/\/revistazetta.com\/?p=38309"},"modified":"2020-12-02T08:09:43","modified_gmt":"2020-12-02T13:09:43","slug":"blel-insta-a-alcaldias-municipales-a-decretar-toque-de-queda-y-ley-seca-durante-los-fines-de-semana","status":"publish","type":"post","link":"https:\/\/revistazetta.com\/?p=38309","title":{"rendered":"Blel insta a Alcald\u00edas Municipales a decretar toque de queda y ley seca durante los fines de semana"},"content":{"rendered":"<p>El gobernador Vicente Blel inst\u00f3 a las Alcald\u00edas Municipales a decretar las medidas de toque de queda y ley seca los fines de semana del presente mes.<\/p>\n<p>La instrucci\u00f3n busca continuar mitigando la propagaci\u00f3n del COVID-19 y evitar aglomeraciones en sitios p\u00fablicos durante las festividades decembrinas.<\/p>\n<p>El gobernador Vicente Blel Scaff dirigi\u00f3 el mensaje a los alcaldes municipales durante una reuni\u00f3n donde se analiz\u00f3 el comportamiento del COVID-19 en el departamento, y de la cual tambi\u00e9n participaron gerentes de EPS, Procuradur\u00eda y Defensor\u00eda del Pueblo.<\/p>\n<p>El primer mandatario departamental le advirti\u00f3 a los alcaldes que no se pueden flexibilizar las medidas que hasta ahora se han implementado y que han arrojado resultados positivos en el departamento.<\/p>\n<p>\u00abHe dado instrucciones precisas a los alcaldes municipales, con quienes hemos trabajado articuladamente para afrontar la emergencia del COVID-19, que de acuerdo al comportamiento del virus en sus territorios decreten las medidas de toque de queda y ley seca los fines de semana durante el mes de diciembre\u00bb, asegur\u00f3 el l\u00edder del Gobierno del &#8216;Bol\u00edvar Primero&#8217;.<\/p>\n<p>El mandatario tambi\u00e9n manifest\u00f3, \u00abes necesario que los bolivarenses comprendan que la pandemia del COVID-19 a\u00fan est\u00e1 presente y que debemos tomar todas las medidas de bioseguridad necesarias para evitar m\u00e1s contagios\u00bb.<\/p>\n<p>La Gobernaci\u00f3n seguir\u00e1 trabajando con los gobiernos locales en la ejecuci\u00f3n de estrategias y acciones para contener la propagaci\u00f3n del virus en el territorio.<\/p>\n","protected":false},"excerpt":{"rendered":"<p>El gobernador Vicente Blel inst\u00f3 a las Alcald\u00edas Municipales a decretar las medidas de toque de queda y ley seca los fines de semana del presente mes. La instrucci\u00f3n busca continuar mitigando la propagaci\u00f3n del COVID-19 y evitar aglomeraciones en sitios p\u00fablicos durante las festividades decembrinas. El gobernador Vicente Blel Scaff dirigi\u00f3 el mensaje a los alcaldes municipales durante una reuni\u00f3n donde se analiz\u00f3 el comportamiento del COVID-19 en el departamento, y de la cual tambi\u00e9n participaron gerentes de EPS, Procuradur\u00eda y Defensor\u00eda del Pueblo. El primer mandatario departamental le&#8230; <\/p>\n","protected":false},"author":3,"featured_media":38310,"comment_status":"closed","ping_status":"closed","sticky":false,"template":"","format":"standard","meta":{"footnotes":"","_links_to":"","_links_to_target":""},"categories":[80],"tags":[300],"class_list":["post-38309","post","type-post","status-publish","format-standard","has-post-thumbnail","hentry","category-region","tag-region"],"_links":{"self":[{"href":"https:\/\/revistazetta.com\/index.php?rest_route=\/wp\/v2\/posts\/38309","targetHints":{"allow":["GET"]}}],"collection":[{"href":"https:\/\/revistazetta.com\/index.php?rest_route=\/wp\/v2\/posts"}],"about":[{"href":"https:\/\/revistazetta.com\/index.php?rest_route=\/wp\/v2\/types\/post"}],"author":[{"embeddable":true,"href":"https:\/\/revistazetta.com\/index.php?rest_route=\/wp\/v2\/users\/3"}],"replies":[{"embeddable":true,"href":"https:\/\/revistazetta.com\/index.php?rest_route=%2Fwp%2Fv2%2Fcomments&post=38309"}],"version-history":[{"count":0,"href":"https:\/\/revistazetta.com\/index.php?rest_route=\/wp\/v2\/posts\/38309\/revisions"}],"wp:featuredmedia":[{"embeddable":true,"href":"https:\/\/revistazetta.com\/index.php?rest_route=\/wp\/v2\/media\/38310"}],"wp:attachment":[{"href":"https:\/\/revistazetta.com\/index.php?rest_route=%2Fwp%2Fv2%2Fmedia&parent=38309"}],"wp:term":[{"taxonomy":"category","embeddable":true,"href":"https:\/\/revistazetta.com\/index.php?rest_route=%2Fwp%2Fv2%2Fcategories&post=38309"},{"taxonomy":"post_tag","embeddable":true,"href":"https:\/\/revistazetta.com\/index.php?rest_route=%2Fwp%2Fv2%2Ftags&post=38309"}],"curies":[{"name":"wp","href":"https:\/\/api.w.org\/{rel}","templated":true}]}}