{"id":38623,"date":"2021-01-08T05:33:53","date_gmt":"2021-01-08T10:33:53","guid":{"rendered":"https:\/\/revistazetta.com\/?p=38623"},"modified":"2021-01-08T05:52:41","modified_gmt":"2021-01-08T10:52:41","slug":"timido-toquecito-de-queda-ideal-para-bares-y-restaurantes","status":"publish","type":"post","link":"https:\/\/revistazetta.com\/?p=38623","title":{"rendered":"T\u00edmido \u00abToquecito de queda\u00bb, ideal para bares y restaurantes"},"content":{"rendered":"<p><strong>Cartagena de Indias, D. T. y C., 8 de enero de 2021 |<\/strong>Un \u00abtoquecito de queda\u00bb decret\u00f3 el Alcalde William Dau, de apenas cinco horas, ideal para que bares y restaurantes puedan atender clientela en este fin de semana de Reyes, en medio del repunte de la pandemia por Covid19.<\/p>\n<p>A partir de este s\u00e1bado 9 de enero y hasta el 12 de enero, desde las cero horas y hasta la 5 de la ma\u00f1ana del mismo d\u00eda, habr\u00e1 toque de queda en toda la ciudad.<\/p>\n<p>Dau justific\u00f3 la t\u00edmida medida al considerar que \u00abla ciudad no presenta niveles de alerta, ni la ocupaci\u00f3n de camas UCI est\u00e1 sobre el 70 %\u00bb. Seg\u00fan una comunicaci\u00f3n oficial, adopt\u00f3 la medida despu\u00e9s de reunirse con integrantes de su gabinete, en especial, la directora del DADIS, Johana Bueno, y el secretario del Interior y Convivencia Ciudadana, David M\u00fanera, para analizar la situaci\u00f3n desde todas sus aristas.<\/p>\n<p>\u201cQuiero decirles la informaci\u00f3n epidemiol\u00f3gica suministrada por el DADIS, que nos muestra que, en efecto, hay un aumento en la contagiosidad y hay una alta circulaci\u00f3n viral; sin embargo, Cartagena no ha superado desde hace varias semanas el 65% de ocupaci\u00f3n de camas hospitalarias UCI, lo que evidencia que no estamos al mismo nivel cr\u00edtico de otras ciudades. De hecho, hoy amaneci\u00f3 en 58% el nivel de ocupaci\u00f3n de camas UCI en la ciudad de Cartagena\u201d, precis\u00f3 el Alcalde.<\/p>\n<p>Con relaci\u00f3n a la posible llegada de la nueva cepa del virus al pa\u00eds y por ello el temor de que haya casos a Cartagena, el Alcalde inform\u00f3 que, entre el Instituto Nacional de Salud y el Laboratorio de la Universidad de Cartagena, en cabeza de la doctora Doris Garc\u00eda, se realiza un estudio con muestras desde el mes de septiembre a la fecha, para identificar si se ha tenido presencia o circulaci\u00f3n del nuevo virus en la ciudad.<\/p>\n<p>\u201cLos resultados los informaremos oportunamente, una vez se concluya la investigaci\u00f3n. Mientras tanto, tal como lo resalt\u00f3 el ministro de Salud, Fernando Ruiz, en Colombia no se ha comprobado que haya circulaci\u00f3n de esta nueva cepa\u201d, dijo Dau Chamat.<\/p>\n<p>El Alcalde hizo un llamado a la responsabilidad, a la sensatez y a la cordura a los cartageneros, cartageneras y visitantes, para que se cuiden y ayuden a prevenir la expansi\u00f3n del virus, que ya tiene al personal m\u00e9dico desgastado.<\/p>\n<p>\u201cLamentablemente muchos de ellos (los m\u00e9dicos) han perdido la vida en esta primera l\u00ednea de batalla, y aprovecho para enviarle un abrazo fraterno y mis condolencias a sus familiares y a toda la comunidad m\u00e9dica y nuestros adultos mayores son en su mayor\u00eda qui\u00e9nes m\u00e1s est\u00e1n perdiendo la vida a causa del Covid. Nuestro compromiso como ciudadan\u00eda es no bajar la guardia, seguir teniendo las medidas de autocuidado, y as\u00ed evitar que Cartagena llegue a las lamentables cifras que est\u00e1n teniendo otras ciudades del pa\u00eds\u201d, dijo el Alcalde.<\/p>\n<p>La Administraci\u00f3n Distrital tambi\u00e9n se reuni\u00f3 en horas de la ma\u00f1ana con las autoridades policiales y mar\u00edtimas, a quienes les solicit\u00f3 control estricto en Playa Blanca, donde s\u00f3lo estar\u00e1 permitido entrar con reserva y se dio \u00f3rdenes precisas de devolver a todo el que no haya cumplido con este proceso.<\/p>\n<p>Asimismo, se reforzar\u00e1n los controles a la entrada de Bocagrande, para evitar el zarpe de embarcaciones no autorizadas desde la parte de atr\u00e1s del hospital de Bocagrande y controlar el acceso a Chol\u00f3n, que est\u00e1 totalmente restringido.<\/p>\n","protected":false},"excerpt":{"rendered":"<p>Cartagena de Indias, D. T. y C., 8 de enero de 2021 |Un \u00abtoquecito de queda\u00bb decret\u00f3 el Alcalde William Dau, de apenas cinco horas, ideal para que bares y restaurantes puedan atender clientela en este fin de semana de Reyes, en medio del repunte de la pandemia por Covid19. A partir de este s\u00e1bado 9 de enero y hasta el 12 de enero, desde las cero horas y hasta la 5 de la ma\u00f1ana del mismo d\u00eda, habr\u00e1 toque de queda en toda la ciudad. Dau justific\u00f3 la t\u00edmida&#8230; <\/p>\n","protected":false},"author":3,"featured_media":38624,"comment_status":"closed","ping_status":"closed","sticky":false,"template":"","format":"standard","meta":{"footnotes":"","_links_to":"","_links_to_target":""},"categories":[75,32],"tags":[285,296],"class_list":["post-38623","post","type-post","status-publish","format-standard","has-post-thumbnail","hentry","category-destacada","category-actualidad-distrito","tag-destacada","tag-distrito"],"_links":{"self":[{"href":"https:\/\/revistazetta.com\/index.php?rest_route=\/wp\/v2\/posts\/38623","targetHints":{"allow":["GET"]}}],"collection":[{"href":"https:\/\/revistazetta.com\/index.php?rest_route=\/wp\/v2\/posts"}],"about":[{"href":"https:\/\/revistazetta.com\/index.php?rest_route=\/wp\/v2\/types\/post"}],"author":[{"embeddable":true,"href":"https:\/\/revistazetta.com\/index.php?rest_route=\/wp\/v2\/users\/3"}],"replies":[{"embeddable":true,"href":"https:\/\/revistazetta.com\/index.php?rest_route=%2Fwp%2Fv2%2Fcomments&post=38623"}],"version-history":[{"count":0,"href":"https:\/\/revistazetta.com\/index.php?rest_route=\/wp\/v2\/posts\/38623\/revisions"}],"wp:featuredmedia":[{"embeddable":true,"href":"https:\/\/revistazetta.com\/index.php?rest_route=\/wp\/v2\/media\/38624"}],"wp:attachment":[{"href":"https:\/\/revistazetta.com\/index.php?rest_route=%2Fwp%2Fv2%2Fmedia&parent=38623"}],"wp:term":[{"taxonomy":"category","embeddable":true,"href":"https:\/\/revistazetta.com\/index.php?rest_route=%2Fwp%2Fv2%2Fcategories&post=38623"},{"taxonomy":"post_tag","embeddable":true,"href":"https:\/\/revistazetta.com\/index.php?rest_route=%2Fwp%2Fv2%2Ftags&post=38623"}],"curies":[{"name":"wp","href":"https:\/\/api.w.org\/{rel}","templated":true}]}}