{"id":38625,"date":"2021-01-08T05:44:57","date_gmt":"2021-01-08T10:44:57","guid":{"rendered":"https:\/\/revistazetta.com\/?p=38625"},"modified":"2021-01-08T05:44:57","modified_gmt":"2021-01-08T10:44:57","slug":"blel-verifica-avance-de-rehabilitacion-vial-para-punta-canoa-y-manzanillo-del-mar","status":"publish","type":"post","link":"https:\/\/revistazetta.com\/?p=38625","title":{"rendered":"Blel verifica avance de rehabilitaci\u00f3n vial para Punta Canoa y Manzanillo del Mar"},"content":{"rendered":"<p><strong>Cartagena de Indias, 8 de enero 2021 |<\/strong> El gobernador Vicente Blel Scaff inspeccion\u00f3 las obras de rehabilitaci\u00f3n en la v\u00eda que comunica al corregimiento de Punta Canoa y la de la vereda Manzanillo del Mar con la Transversal del Caribe.<\/p>\n<p>La pavimentaci\u00f3n en concreto asf\u00e1ltico y las obras de construcci\u00f3n de drenajes complementarias, alcanzan un poco m\u00e1s del 62%, generando de esa manera un impacto laboral en esa zona.<\/p>\n<p>El gobernador precis\u00f3 que ese es un gran proyecto que est\u00e1 ejecutando la Gobernaci\u00f3n de Bol\u00edvar, y que sin duda va a beneficiar y a mejorar la calidad de vida de dos centros poblados que son muy importantes porque son comunidades anscestrales.<\/p>\n<p>\u00abQueremos que en todos el territorio bolivarense tengan claro que el Bol\u00edvar Primero es un gobierno en el territorio y es conectividad\u00bb, a\u00f1adi\u00f3 el mandatario<\/p>\n<p>Agreg\u00f3 que esa obra ser\u00e1 entregada durante el primer semestre de este a\u00f1o, porque las comunidades son primero.<\/p>\n<p>Adem\u00e1s, se convertir\u00eda en una carretera que va a permitir la reactivaci\u00f3n tur\u00edstica de esa zona de Bol\u00edvar.<\/p>\n<p><strong>La obra<\/strong><\/p>\n<p>La rehabilitaci\u00f3n de la v\u00eda se realiza en 9.46 kil\u00f3metros, con los cuales los campesinos van a mejorar la movilidad y van a poder acceder a muchos servicios en menor tiempo.<\/p>\n<p>Los trabajos tienen una duraci\u00f3n de siete meses, y se adelantan a toda m\u00e1quina, con el prop\u00f3sito de que las personas tengan mayor accesibilidad en un tiempo m\u00ednimo.<\/p>\n","protected":false},"excerpt":{"rendered":"<p>Cartagena de Indias, 8 de enero 2021 | El gobernador Vicente Blel Scaff inspeccion\u00f3 las obras de rehabilitaci\u00f3n en la v\u00eda que comunica al corregimiento de Punta Canoa y la de la vereda Manzanillo del Mar con la Transversal del Caribe. La pavimentaci\u00f3n en concreto asf\u00e1ltico y las obras de construcci\u00f3n de drenajes complementarias, alcanzan un poco m\u00e1s del 62%, generando de esa manera un impacto laboral en esa zona. El gobernador precis\u00f3 que ese es un gran proyecto que est\u00e1 ejecutando la Gobernaci\u00f3n de Bol\u00edvar, y que sin duda&#8230; <\/p>\n","protected":false},"author":3,"featured_media":38626,"comment_status":"closed","ping_status":"closed","sticky":false,"template":"","format":"standard","meta":{"footnotes":"","_links_to":"","_links_to_target":""},"categories":[33,80],"tags":[73,300],"class_list":["post-38625","post","type-post","status-publish","format-standard","has-post-thumbnail","hentry","category-actualidad-bolivar","category-region","tag-bolivar","tag-region"],"_links":{"self":[{"href":"https:\/\/revistazetta.com\/index.php?rest_route=\/wp\/v2\/posts\/38625","targetHints":{"allow":["GET"]}}],"collection":[{"href":"https:\/\/revistazetta.com\/index.php?rest_route=\/wp\/v2\/posts"}],"about":[{"href":"https:\/\/revistazetta.com\/index.php?rest_route=\/wp\/v2\/types\/post"}],"author":[{"embeddable":true,"href":"https:\/\/revistazetta.com\/index.php?rest_route=\/wp\/v2\/users\/3"}],"replies":[{"embeddable":true,"href":"https:\/\/revistazetta.com\/index.php?rest_route=%2Fwp%2Fv2%2Fcomments&post=38625"}],"version-history":[{"count":0,"href":"https:\/\/revistazetta.com\/index.php?rest_route=\/wp\/v2\/posts\/38625\/revisions"}],"wp:featuredmedia":[{"embeddable":true,"href":"https:\/\/revistazetta.com\/index.php?rest_route=\/wp\/v2\/media\/38626"}],"wp:attachment":[{"href":"https:\/\/revistazetta.com\/index.php?rest_route=%2Fwp%2Fv2%2Fmedia&parent=38625"}],"wp:term":[{"taxonomy":"category","embeddable":true,"href":"https:\/\/revistazetta.com\/index.php?rest_route=%2Fwp%2Fv2%2Fcategories&post=38625"},{"taxonomy":"post_tag","embeddable":true,"href":"https:\/\/revistazetta.com\/index.php?rest_route=%2Fwp%2Fv2%2Ftags&post=38625"}],"curies":[{"name":"wp","href":"https:\/\/api.w.org\/{rel}","templated":true}]}}