{"id":38627,"date":"2021-01-08T05:51:28","date_gmt":"2021-01-08T10:51:28","guid":{"rendered":"https:\/\/revistazetta.com\/?p=38627"},"modified":"2021-01-08T05:51:28","modified_gmt":"2021-01-08T10:51:28","slug":"montes-de-maria-se-engalanan-para-xv-fiesta-del-pensamiento","status":"publish","type":"post","link":"https:\/\/revistazetta.com\/?p=38627","title":{"rendered":"Montes de Mar\u00eda se engalanan para XV \u00abFiesta del Pensamiento\u00bb"},"content":{"rendered":"<blockquote><p>El evento es organizado por la Fundaci\u00f3n Fiesta del Pensamiento con el apoyo del programa Nacional de Concertaci\u00f3n del Ministerio de Cultura, y ser\u00e1 transmitido desde el 7 hasta el 11 de enero desde San Jacinto, El Carmen de Bol\u00edvar, San Juan Nepomuceno, El Guamo y Ovejas<\/p><\/blockquote>\n<p><strong>Cartagena de Indias, 8 enero 2021 |<\/strong> Cada a\u00f1o la Fiesta de Pensamiento en los Montes de Mar\u00eda se viene consolidando como un gran referente cultural de car\u00e1cter literario, po\u00e9tico, musical y art\u00edstico en la regi\u00f3n Caribe.<\/p>\n<p>En esta XV versi\u00f3n en 2021 la Gobernaci\u00f3n de Bol\u00edvar e ICULTUR hacen la invitaci\u00f3n a todos los amantes de la cultura del departamento a que disfruten de una diversificada oferta virtual con lo mas representantivo de los Montes de Mar\u00eda en un evento organizado por la Fundaci\u00f3n Fiesta del Pensamiento con el apoyo del programa Nacional de Concertaci\u00f3n del Ministerio de Cultura.<\/p>\n<p>El acervo cultural de los Montes de Mar\u00eda representado en la m\u00fasica ancestral de gaita o del porro sabanero, en la tradicional artesan\u00eda propia de la cultura ind\u00edgena Zen\u00fa, la inconmensurable obra po\u00e9tica en canciones de los juglares y la producci\u00f3n literaria de muchos escritores<br \/>\nnarrando los acontecimientos hist\u00f3ricos m\u00e1s relevantes de la regi\u00f3n, se convierte en un atractivo poderoso para los actores culturales del pa\u00eds y del mundo.<\/p>\n<p>El evento ser\u00e1 transmitido a trav\u00e9s de de Telesanjacinto y el Facebook Live de las p\u00e1ginas: Fiesta del pensamiento San Jacinto, ICULTUR y Tele Sanjacinto.<\/p>\n<p>\u00abEn este importante evento participan escritores, poetas, fil\u00f3sofos, cient\u00edficos, teatreros y m\u00fasicos de los Montes de Mar\u00eda, mostrando al mundo toda su riqueza cultural. La invitaci\u00f3n es que desde el 7 hasta el 11 de enero est\u00e9n conectados desde sus casas disfrutando de todas las transmisiones de esta nutrida agenda\u00bb sostuvo el director de ICULTUR Iv\u00e1n Sanes<\/p>\n<p>El primer d\u00eda estar\u00e1 centrado en San Jacinto, donde a partir de las nueve de la ma\u00f1ana se har\u00e1n reconocimientos y homenajes a personajes importantes como el m\u00fasico Carmelo Torres, la cantautora Betty Ochoa, el m\u00fasico Miguel Manrique, el maestro Jaime Castellar Ferrer entre otros.<br \/>\nDe igual manera se har\u00e1 una muestra musical a cargo de Yeison Landero, Los Gaiteros de San Jacinto y el maestro Roy Rodr\u00edguez con su acorde\u00f3n.<\/p>\n<p>En la Tierra de la Hamaca Grande tambi\u00e9n se destaca el conversatorio &#8216;El Grammy es nuestro&#8217;, el espacio para los j\u00f3venes artistas, el lanzamiento de la segunda edici\u00f3n del libro &#8216;El Hamakasutra&#8217; entre otras actividades.<\/p>\n<p>Estos homenajes a personajes importantes, conversatorios, recitales de poes\u00eda, presentaciones de libros y muestras musicales continuar\u00e1n el 8 de enero desde El Carmen de Bol\u00edvar, el 9 de enero desde San Juan Nepomuceno, el 10 desde Ovejas, Sucre y finalmente el once desde El Guamo, Bol\u00edvar.<\/p>\n","protected":false},"excerpt":{"rendered":"<p>El evento es organizado por la Fundaci\u00f3n Fiesta del Pensamiento con el apoyo del programa Nacional de Concertaci\u00f3n del Ministerio de Cultura, y ser\u00e1 transmitido desde el 7 hasta el 11 de enero desde San Jacinto, El Carmen de Bol\u00edvar, San Juan Nepomuceno, El Guamo y Ovejas Cartagena de Indias, 8 enero 2021 | Cada a\u00f1o la Fiesta de Pensamiento en los Montes de Mar\u00eda se viene consolidando como un gran referente cultural de car\u00e1cter literario, po\u00e9tico, musical y art\u00edstico en la regi\u00f3n Caribe. En esta XV versi\u00f3n en 2021&#8230; <\/p>\n","protected":false},"author":3,"featured_media":38628,"comment_status":"closed","ping_status":"closed","sticky":false,"template":"","format":"standard","meta":{"footnotes":"","_links_to":"","_links_to_target":""},"categories":[41],"tags":[290],"class_list":["post-38627","post","type-post","status-publish","format-standard","has-post-thumbnail","hentry","category-cultura","tag-cultura"],"_links":{"self":[{"href":"https:\/\/revistazetta.com\/index.php?rest_route=\/wp\/v2\/posts\/38627","targetHints":{"allow":["GET"]}}],"collection":[{"href":"https:\/\/revistazetta.com\/index.php?rest_route=\/wp\/v2\/posts"}],"about":[{"href":"https:\/\/revistazetta.com\/index.php?rest_route=\/wp\/v2\/types\/post"}],"author":[{"embeddable":true,"href":"https:\/\/revistazetta.com\/index.php?rest_route=\/wp\/v2\/users\/3"}],"replies":[{"embeddable":true,"href":"https:\/\/revistazetta.com\/index.php?rest_route=%2Fwp%2Fv2%2Fcomments&post=38627"}],"version-history":[{"count":0,"href":"https:\/\/revistazetta.com\/index.php?rest_route=\/wp\/v2\/posts\/38627\/revisions"}],"wp:featuredmedia":[{"embeddable":true,"href":"https:\/\/revistazetta.com\/index.php?rest_route=\/wp\/v2\/media\/38628"}],"wp:attachment":[{"href":"https:\/\/revistazetta.com\/index.php?rest_route=%2Fwp%2Fv2%2Fmedia&parent=38627"}],"wp:term":[{"taxonomy":"category","embeddable":true,"href":"https:\/\/revistazetta.com\/index.php?rest_route=%2Fwp%2Fv2%2Fcategories&post=38627"},{"taxonomy":"post_tag","embeddable":true,"href":"https:\/\/revistazetta.com\/index.php?rest_route=%2Fwp%2Fv2%2Ftags&post=38627"}],"curies":[{"name":"wp","href":"https:\/\/api.w.org\/{rel}","templated":true}]}}