{"id":38670,"date":"2021-01-13T12:01:39","date_gmt":"2021-01-13T17:01:39","guid":{"rendered":"https:\/\/revistazetta.com\/?p=38670"},"modified":"2021-01-13T15:11:25","modified_gmt":"2021-01-13T20:11:25","slug":"blel-no-eludio-hablar-de-politica-dau-asamblea-contratacion","status":"publish","type":"post","link":"https:\/\/revistazetta.com\/?p=38670","title":{"rendered":"Blel no eludi\u00f3 hablar de pol\u00edtica: Dau, diputados, contrataci\u00f3n&#8230;"},"content":{"rendered":"<p>En la segunda parte del reportaje con el gobernador de Bol\u00edvar el tema es la pol\u00edtica.<\/p>\n<p>Examinamos el estado de la coalici\u00f3n de partidos que lo llev\u00f3 al poder as\u00ed como su relaci\u00f3n con el alcalde de Cartagena, William Dau. Por sus or\u00edgenes, se tem\u00eda una relaci\u00f3n agreste, pero la pandemia los uni\u00f3 y trabajaron juntos en la \u00abDonat\u00f3n\u00bb, para luego distanciarse por un episodio de seguridad ciudadana, y ahora parece una relaci\u00f3n congelada. \u00bfC\u00f3mo est\u00e1 ahora?<\/p>\n<p>El tercer punto es el de la contrataci\u00f3n y la transparencia. En su elecci\u00f3n tambi\u00e9n se registr\u00f3 un alto n\u00famero de votos en blanco, lo que denotaba desconfianza en la continuidad de un representante de la clase pol\u00edtica en la Gobernaci\u00f3n, y luego de un a\u00f1o en el cargo, son casi insonoros los ruidos en torno a la contrataci\u00f3n, al punto que Colombia Compra Eficiente le otorg\u00f3 un buen puntaje en pluralidad de oferentes en los procesos licitatorios.<\/p>\n<p><iframe loading=\"lazy\" src=\"https:\/\/www.youtube.com\/embed\/SYVdPNBeyk0\" width=\"560\" height=\"315\" frameborder=\"0\" allowfullscreen=\"allowfullscreen\"><\/iframe><\/p>\n","protected":false},"excerpt":{"rendered":"<p>En la segunda parte del reportaje con el gobernador de Bol\u00edvar el tema es la pol\u00edtica. Examinamos el estado de la coalici\u00f3n de partidos que lo llev\u00f3 al poder as\u00ed como su relaci\u00f3n con el alcalde de Cartagena, William Dau. Por sus or\u00edgenes, se tem\u00eda una relaci\u00f3n agreste, pero la pandemia los uni\u00f3 y trabajaron juntos en la \u00abDonat\u00f3n\u00bb, para luego distanciarse por un episodio de seguridad ciudadana, y ahora parece una relaci\u00f3n congelada. \u00bfC\u00f3mo est\u00e1 ahora? El tercer punto es el de la contrataci\u00f3n y la transparencia. En su&#8230; <\/p>\n","protected":false},"author":3,"featured_media":38671,"comment_status":"closed","ping_status":"closed","sticky":false,"template":"","format":"standard","meta":{"footnotes":"","_links_to":"","_links_to_target":""},"categories":[75,30],"tags":[285,326],"class_list":["post-38670","post","type-post","status-publish","format-standard","has-post-thumbnail","hentry","category-destacada","category-politica-entrevistas","tag-destacada","tag-entrevista"],"_links":{"self":[{"href":"https:\/\/revistazetta.com\/index.php?rest_route=\/wp\/v2\/posts\/38670","targetHints":{"allow":["GET"]}}],"collection":[{"href":"https:\/\/revistazetta.com\/index.php?rest_route=\/wp\/v2\/posts"}],"about":[{"href":"https:\/\/revistazetta.com\/index.php?rest_route=\/wp\/v2\/types\/post"}],"author":[{"embeddable":true,"href":"https:\/\/revistazetta.com\/index.php?rest_route=\/wp\/v2\/users\/3"}],"replies":[{"embeddable":true,"href":"https:\/\/revistazetta.com\/index.php?rest_route=%2Fwp%2Fv2%2Fcomments&post=38670"}],"version-history":[{"count":0,"href":"https:\/\/revistazetta.com\/index.php?rest_route=\/wp\/v2\/posts\/38670\/revisions"}],"wp:featuredmedia":[{"embeddable":true,"href":"https:\/\/revistazetta.com\/index.php?rest_route=\/wp\/v2\/media\/38671"}],"wp:attachment":[{"href":"https:\/\/revistazetta.com\/index.php?rest_route=%2Fwp%2Fv2%2Fmedia&parent=38670"}],"wp:term":[{"taxonomy":"category","embeddable":true,"href":"https:\/\/revistazetta.com\/index.php?rest_route=%2Fwp%2Fv2%2Fcategories&post=38670"},{"taxonomy":"post_tag","embeddable":true,"href":"https:\/\/revistazetta.com\/index.php?rest_route=%2Fwp%2Fv2%2Ftags&post=38670"}],"curies":[{"name":"wp","href":"https:\/\/api.w.org\/{rel}","templated":true}]}}