{"id":38686,"date":"2021-01-15T10:35:42","date_gmt":"2021-01-15T15:35:42","guid":{"rendered":"https:\/\/revistazetta.com\/?p=38686"},"modified":"2021-01-15T10:37:52","modified_gmt":"2021-01-15T15:37:52","slug":"38686","status":"publish","type":"post","link":"https:\/\/revistazetta.com\/?p=38686","title":{"rendered":"Blel: 2021 a\u00f1o de la educaci\u00f3n, Palenque municipio especial, y turismo como motor de reactivaci\u00f3n"},"content":{"rendered":"<p>La dignificaci\u00f3n del primer pueblo libre de Am\u00e9rica entr\u00f3 en etapa culminante, al anunciar el gobernador Vicente Blel que San Basilio de Palenque dejar\u00e1 de ser corregimiento para convertirse en Municipio Especial.<\/p>\n<p>En la tercera parte del reportaje que concedi\u00f3 a John Zamora, director de Revista Zetta, con el gobernador Vicente Blel, abordamos los temas de la reactivaci\u00f3n econ\u00f3mica en Bol\u00edvar tras la pandemia, los megaproyectos, el turismo como motor de desarrollo y, sobre todo, la inversi\u00f3n en educaci\u00f3n.<\/p>\n<p><iframe loading=\"lazy\" src=\"https:\/\/www.youtube.com\/embed\/ZMNgmRIiWSk\" width=\"560\" height=\"315\" frameborder=\"0\" allowfullscreen=\"allowfullscreen\"><\/iframe><\/p>\n","protected":false},"excerpt":{"rendered":"<p>La dignificaci\u00f3n del primer pueblo libre de Am\u00e9rica entr\u00f3 en etapa culminante, al anunciar el gobernador Vicente Blel que San Basilio de Palenque dejar\u00e1 de ser corregimiento para convertirse en Municipio Especial. En la tercera parte del reportaje que concedi\u00f3 a John Zamora, director de Revista Zetta, con el gobernador Vicente Blel, abordamos los temas de la reactivaci\u00f3n econ\u00f3mica en Bol\u00edvar tras la pandemia, los megaproyectos, el turismo como motor de desarrollo y, sobre todo, la inversi\u00f3n en educaci\u00f3n.<\/p>\n","protected":false},"author":3,"featured_media":38687,"comment_status":"closed","ping_status":"closed","sticky":false,"template":"","format":"standard","meta":{"footnotes":"","_links_to":"","_links_to_target":""},"categories":[75,30],"tags":[285,326],"class_list":["post-38686","post","type-post","status-publish","format-standard","has-post-thumbnail","hentry","category-destacada","category-politica-entrevistas","tag-destacada","tag-entrevista"],"_links":{"self":[{"href":"https:\/\/revistazetta.com\/index.php?rest_route=\/wp\/v2\/posts\/38686","targetHints":{"allow":["GET"]}}],"collection":[{"href":"https:\/\/revistazetta.com\/index.php?rest_route=\/wp\/v2\/posts"}],"about":[{"href":"https:\/\/revistazetta.com\/index.php?rest_route=\/wp\/v2\/types\/post"}],"author":[{"embeddable":true,"href":"https:\/\/revistazetta.com\/index.php?rest_route=\/wp\/v2\/users\/3"}],"replies":[{"embeddable":true,"href":"https:\/\/revistazetta.com\/index.php?rest_route=%2Fwp%2Fv2%2Fcomments&post=38686"}],"version-history":[{"count":0,"href":"https:\/\/revistazetta.com\/index.php?rest_route=\/wp\/v2\/posts\/38686\/revisions"}],"wp:featuredmedia":[{"embeddable":true,"href":"https:\/\/revistazetta.com\/index.php?rest_route=\/wp\/v2\/media\/38687"}],"wp:attachment":[{"href":"https:\/\/revistazetta.com\/index.php?rest_route=%2Fwp%2Fv2%2Fmedia&parent=38686"}],"wp:term":[{"taxonomy":"category","embeddable":true,"href":"https:\/\/revistazetta.com\/index.php?rest_route=%2Fwp%2Fv2%2Fcategories&post=38686"},{"taxonomy":"post_tag","embeddable":true,"href":"https:\/\/revistazetta.com\/index.php?rest_route=%2Fwp%2Fv2%2Ftags&post=38686"}],"curies":[{"name":"wp","href":"https:\/\/api.w.org\/{rel}","templated":true}]}}