{"id":38800,"date":"2021-01-25T12:51:39","date_gmt":"2021-01-25T17:51:39","guid":{"rendered":"https:\/\/revistazetta.com\/?p=38800"},"modified":"2021-12-08T17:36:34","modified_gmt":"2021-12-08T22:36:34","slug":"inicia-construccion-de-altana-en-serena-del-mar","status":"publish","type":"post","link":"https:\/\/revistazetta.com\/?p=38800","title":{"rendered":"Inicia construcci\u00f3n de Altana en Serena del Mar"},"content":{"rendered":"<p>Altana, de la constructora Grupo Daer, inici\u00f3 obra en el coraz\u00f3n de La Ciudad So\u00f1ada. Con 380 apartamentos distribuidos en nueve torres, este proyecto se caracteriza por ofrecer opciones de vivienda para una nueva generaci\u00f3n de familias j\u00f3venes y profesionales que buscan espacios inteligentes, integrados con la tecnolog\u00eda y en convivencia con la naturaleza.<\/p>\n<p>Altana, desarrollo que se destac\u00f3 en ventas en el 2019, tendr\u00e1 opciones de vivienda entre los 55 m<sup>2 <\/sup>y los 88m<sup>2 <\/sup>distribuidos en 1, 2 y 3 habitaciones y contar\u00e1 con espacio de coworking, fitness studio con yoga, piscina infinita, parque de mascotas, entre otras amenidades.<\/p>\n<p><img loading=\"lazy\" decoding=\"async\" class=\"size-medium wp-image-38801 aligncenter\" src=\"https:\/\/revistazetta.com\/wp-content\/uploads\/2021\/01\/ALTANA-2-400x223.jpg\" alt=\"\" width=\"400\" height=\"223\" srcset=\"https:\/\/revistazetta.com\/wp-content\/uploads\/2021\/01\/ALTANA-2-400x223.jpg 400w, https:\/\/revistazetta.com\/wp-content\/uploads\/2021\/01\/ALTANA-2-1024x571.jpg 1024w, https:\/\/revistazetta.com\/wp-content\/uploads\/2021\/01\/ALTANA-2-1536x856.jpg 1536w, https:\/\/revistazetta.com\/wp-content\/uploads\/2021\/01\/ALTANA-2-2048x1141.jpg 2048w\" sizes=\"auto, (max-width: 400px) 100vw, 400px\" \/><\/p>\n<p>As\u00ed mismo, se destaca por utilizar el Distrito T\u00e9rmico, un novedoso sistema de aire acondicionado que no necesita condensadores, sino que utiliza agua helada para el enfriamiento directo, reduciendo entre 8% y 10% el consumo energ\u00e9tico. Es por ello que recientemente recibi\u00f3 el reconocimiento de proyecto prototipo de desarrollo de alternativas avanzadas por parte de la Organizaci\u00f3n de las Naciones Unidas para el Desarrollo Industrial por incursionar en este sistema de la mano de Celsia y Novus Civitas, operadores del Distrito T\u00e9rmico en Serena del Mar.<\/p>\n<p>Diego Espinosa de Grupo Daer, destac\u00f3: <em>\u201cNos sentimos muy complacidos de iniciar la construcci\u00f3n de Altana no solo por nuestros clientes, quienes van a disfrutar de todo lo que tiene La Ciudad So\u00f1ada, sino porque aportamos a la reactivaci\u00f3n y generaci\u00f3n de empleo en la regi\u00f3n en medio de este momento. Prevemos que con esta construcci\u00f3n se generar\u00e1n aproximadamente 250 empleos directos.\u201d<\/em><\/p>\n<p>Rafael Sim\u00f3n del Castillo, presidente de Novus Civitas firma gestora de Serena del Mar, afirm\u00f3: <em>\u201cCon el inicio de la construcci\u00f3n de Altana, ratificamos el avance en firme de La Ciudad So\u00f1ada aportando de esta manera al desarrollo y reactivaci\u00f3n econ\u00f3mica de la regi\u00f3n y la ciudad. Adicionalmente, nos complace entregar a nuestros residentes y visitantes un nuevo concepto de ciudad en el que prioridad es la calidad vida, aspecto que\u00a0 ha cobrado mayor relevancia en medio de los retadores momentos que afrontamos.\u201d<\/em><\/p>\n<p>Para informaci\u00f3n de este y otros proyectos:\u00a0 <a href=\"https:\/\/serenadelmar.com.co\/proyectos\/\" data-saferedirecturl=\"https:\/\/www.google.com\/url?q=https:\/\/serenadelmar.com.co\/proyectos\/&amp;source=gmail&amp;ust=1611672602839000&amp;usg=AFQjCNFNDoGCjqT5TK6NqWkry7-iomsbRQ\" target=\"_blank\" rel=\"noopener\">https:\/\/serenadelmar.com.co\/proyectos\/<\/a><\/p>\n<p><em><strong>Acerca de Serena del Mar<\/strong><\/em><\/p>\n<p><em>Serena del Mar es un desarrollo urban\u00edstico que se empez\u00f3 a construir en 2015, y establece un nuevo concepto de ciudad en la zona norte de Cartagena de Indias fundamentado en los pilares de planeado para el futuro, integrado a la naturaleza y con oportunidades para todos, que tiene como prop\u00f3sito superior garantizar calidad de vida a las personas que van a vivir o visitar el proyecto. En Serena del Mar hay soluciones de salud, educaci\u00f3n, vivienda, comercio, movilidad, entretenimiento y turismo.<\/em><\/p>\n","protected":false},"excerpt":{"rendered":"<p>Altana, de la constructora Grupo Daer, inici\u00f3 obra en el coraz\u00f3n de La Ciudad So\u00f1ada. Con 380 apartamentos distribuidos en nueve torres, este proyecto se caracteriza por ofrecer opciones de vivienda para una nueva generaci\u00f3n de familias j\u00f3venes y profesionales que buscan espacios inteligentes, integrados con la tecnolog\u00eda y en convivencia con la naturaleza. Altana, desarrollo que se destac\u00f3 en ventas en el 2019, tendr\u00e1 opciones de vivienda entre los 55 m2 y los 88m2 distribuidos en 1, 2 y 3 habitaciones y contar\u00e1 con espacio de coworking, fitness studio&#8230; <\/p>\n","protected":false},"author":3,"featured_media":38802,"comment_status":"closed","ping_status":"closed","sticky":false,"template":"","format":"standard","meta":{"footnotes":"","_links_to":"","_links_to_target":""},"categories":[3,40],"tags":[395,292,354,312,302],"class_list":["post-38800","post","type-post","status-publish","format-standard","has-post-thumbnail","hentry","category-ciudad","category-tuciudad","tag-albana","tag-ciudad","tag-serena-del-mar","tag-tu-ciudad","tag-turismo"],"_links":{"self":[{"href":"https:\/\/revistazetta.com\/index.php?rest_route=\/wp\/v2\/posts\/38800","targetHints":{"allow":["GET"]}}],"collection":[{"href":"https:\/\/revistazetta.com\/index.php?rest_route=\/wp\/v2\/posts"}],"about":[{"href":"https:\/\/revistazetta.com\/index.php?rest_route=\/wp\/v2\/types\/post"}],"author":[{"embeddable":true,"href":"https:\/\/revistazetta.com\/index.php?rest_route=\/wp\/v2\/users\/3"}],"replies":[{"embeddable":true,"href":"https:\/\/revistazetta.com\/index.php?rest_route=%2Fwp%2Fv2%2Fcomments&post=38800"}],"version-history":[{"count":0,"href":"https:\/\/revistazetta.com\/index.php?rest_route=\/wp\/v2\/posts\/38800\/revisions"}],"wp:featuredmedia":[{"embeddable":true,"href":"https:\/\/revistazetta.com\/index.php?rest_route=\/wp\/v2\/media\/38802"}],"wp:attachment":[{"href":"https:\/\/revistazetta.com\/index.php?rest_route=%2Fwp%2Fv2%2Fmedia&parent=38800"}],"wp:term":[{"taxonomy":"category","embeddable":true,"href":"https:\/\/revistazetta.com\/index.php?rest_route=%2Fwp%2Fv2%2Fcategories&post=38800"},{"taxonomy":"post_tag","embeddable":true,"href":"https:\/\/revistazetta.com\/index.php?rest_route=%2Fwp%2Fv2%2Ftags&post=38800"}],"curies":[{"name":"wp","href":"https:\/\/api.w.org\/{rel}","templated":true}]}}