{"id":39058,"date":"2021-02-16T09:22:41","date_gmt":"2021-02-16T14:22:41","guid":{"rendered":"https:\/\/revistazetta.com\/?p=39058"},"modified":"2021-02-16T09:22:41","modified_gmt":"2021-02-16T14:22:41","slug":"cardique-en-sus-26-anos-reverdece-gestion-ambiental-con-la-comunidad","status":"publish","type":"post","link":"https:\/\/revistazetta.com\/?p=39058","title":{"rendered":"Cardique en sus 26 a\u00f1os reverdece gesti\u00f3n ambiental con la comunidad"},"content":{"rendered":"<div class=\"_24Y5a\">\n<div class=\"_1RAno _3ASsl _2BF9-\" tabindex=\"-1\"><\/div>\n<\/div>\n<div class=\"_26MUt\" tabindex=\"0\">\n<div class=\"tSmQ1\" tabindex=\"-1\" role=\"region\" data-tab=\"7\" aria-label=\"Lista de mensajes. Presiona la tecla de flecha hacia la derecha en un mensaje para abrir su men\u00fa contextual.\">\n<div class=\"_1RAno message-in focusable-list-item\" tabindex=\"0\" data-id=\"false_573145959092@c.us_3A5A49BCB11799F9289E\">\n<div class=\"_1ij5F _2tbXF\">\n<div class=\"_2XJpe _7M8i6\">\n<div class=\"_1dB-m\">\n<div class=\"copyable-text\" data-pre-plain-text=\"[1:05 p.\u00a0m., 15\/2\/2021] An\u00edbal Teher\u00e1n: \">\n<div class=\"_1wlJG\" dir=\"ltr\"><span class=\"_1VzZY selectable-text copyable-text\" dir=\"ltr\">Con 26 a\u00f1os de labores reci\u00e9n cumplidas la Corporaci\u00f3n Aut\u00f3noma Regional del Canal del Dique (Cardique) cuenta con el conocimiento del territorio para seguir velando por la conservaci\u00f3n de los recursos naturales y llevar un desarrollo sostenible a los habitantes de los 21 municipios de su jurisdicci\u00f3n.<\/span><\/div>\n<div class=\"_1wlJG\" dir=\"ltr\"><span class=\"_1VzZY selectable-text copyable-text\" dir=\"ltr\">Bajo la visi\u00f3n del ingeniero Angelo Bacci Hern\u00e1ndez, la corporaci\u00f3n afianza su relaci\u00f3n con la comunidad en un binomio que se consagra para alcanzar el \u00e9xito en el desarrollo de sus metas a corto, mediano y largo plazo.<\/span><\/div>\n<div class=\"_1wlJG\" dir=\"ltr\"><span class=\"_1VzZY selectable-text copyable-text\" dir=\"ltr\">M\u00e1s all\u00e1 de la labor coercitiva de la entidad, que se muestra con las sanciones a empresas que han cometido delitos que afectan el ambiente, tambi\u00e9n ha trabajado por la conservaci\u00f3n de los recursos naturales.<\/span><\/div>\n<\/div>\n<div dir=\"ltr\"><img loading=\"lazy\" decoding=\"async\" class=\"size-medium wp-image-39059 aligncenter\" src=\"https:\/\/revistazetta.com\/wp-content\/uploads\/2021\/02\/WhatsApp-Image-2021-02-15-at-1.04.59-PM-400x300.jpeg\" alt=\"\" width=\"400\" height=\"300\" srcset=\"https:\/\/revistazetta.com\/wp-content\/uploads\/2021\/02\/WhatsApp-Image-2021-02-15-at-1.04.59-PM-400x300.jpeg 400w, https:\/\/revistazetta.com\/wp-content\/uploads\/2021\/02\/WhatsApp-Image-2021-02-15-at-1.04.59-PM.jpeg 1024w\" sizes=\"auto, (max-width: 400px) 100vw, 400px\" \/><\/div>\n<div class=\"copyable-text\" data-pre-plain-text=\"[1:05 p.\u00a0m., 15\/2\/2021] An\u00edbal Teher\u00e1n: \">\n<div class=\"_1wlJG\" dir=\"ltr\"><span class=\"_1VzZY selectable-text copyable-text\" dir=\"ltr\">En palabras del director, desde inicios del a\u00f1o anterior, cuando empezaron los contagios del Covid-19, Cardique logr\u00f3 adaptarse para seguir cumpliendo a las comunidades de la jurisdicci\u00f3n ejecutando obras de gran impacto ambiental que generan beneficios sociales y ambientales.<\/span><\/div>\n<div class=\"_1wlJG\" dir=\"ltr\"><span class=\"_1VzZY selectable-text copyable-text\" dir=\"ltr\">En esta anualidad, subray\u00f3 Bacci Hern\u00e1ndez, se seguir\u00e1 trabajando sin bajar la guardia, cumpliendo con los protocolos de bioseguridad para evitar contagios.<\/span><\/div>\n<div class=\"_1wlJG\" dir=\"ltr\"><span class=\"_1VzZY selectable-text copyable-text\" dir=\"ltr\">Bacci Hern\u00e1ndez destac\u00f3 que con una inversi\u00f3n superior a $49 mil millones en 2020 se logr\u00f3 la ejecuci\u00f3n de m\u00e1s de 54 obras de gran impacto en Cartagena y el resto de municipios del centro y norte de Bol\u00edvar.<\/span><\/div>\n<div class=\"_1wlJG\" dir=\"ltr\"><span class=\"_1VzZY selectable-text copyable-text\" dir=\"ltr\">Y hablando de obras en el 2021, Cardique, de acuerdo a lo contemplado en el Plan de Acci\u00f3n Institucional (PAI) 2020-2023, ejecuta 53 obras que generar\u00e1n gran impacto ambiental en su jurisdicci\u00f3n para esta vigencia. La inversi\u00f3n supera $34.000 millones.<\/span><\/div>\n<div dir=\"ltr\"><img loading=\"lazy\" decoding=\"async\" class=\"size-medium wp-image-39064 aligncenter\" src=\"https:\/\/revistazetta.com\/wp-content\/uploads\/2021\/02\/WhatsApp-Image-2021-02-15-at-1.05.01-PM-1-400x300.jpeg\" alt=\"\" width=\"400\" height=\"300\" srcset=\"https:\/\/revistazetta.com\/wp-content\/uploads\/2021\/02\/WhatsApp-Image-2021-02-15-at-1.05.01-PM-1-400x300.jpeg 400w, https:\/\/revistazetta.com\/wp-content\/uploads\/2021\/02\/WhatsApp-Image-2021-02-15-at-1.05.01-PM-1.jpeg 1024w\" sizes=\"auto, (max-width: 400px) 100vw, 400px\" \/><\/div>\n<div class=\"_1wlJG\" dir=\"ltr\"><span class=\"_1VzZY selectable-text copyable-text\" dir=\"ltr\">Estas obras contemplan el mantenimiento hidr\u00e1ulico de canales y reservorios, canalizaciones en concreto, construcci\u00f3n de box coulbert y protecci\u00f3n de taludes por medio de estructuras de gaviones, y fueron priorizases y concertadas con las comunidades de los 21 municipios de la jurisdicci\u00f3n, incluyendo a Cartagena.<\/span><\/div>\n<div class=\"_1wlJG\" dir=\"ltr\"><span class=\"_1VzZY selectable-text copyable-text\" dir=\"ltr\">Para destacar el accionar de la corporaci\u00f3n con las comunidades, este a\u00f1o se contin\u00faa con M\u00e1s estufas ecol\u00f3gicas y M\u00e1s restauraci\u00f3n de Bosque seco tropical. Como parte del ambicioso proyecto de restauraci\u00f3n de bosque seco tropical acompa\u00f1ado del apoyo a las comunidades en la jurisdicci\u00f3n de Cardique, en el 2021 se inici\u00f3 la socializaci\u00f3n para restaurar 405 hect\u00e1reas de bosque seco tropical de las mano de 810 familias campesinas de Santa Rosa, Villanueva, San Estanislao de Kotska-Arenal y El Carmen de Bol\u00edvar que recibir\u00e1n estufas ecol\u00f3gicas. Con estas siembras, Cardique sigue recuperando zonas degradadas producto de la deforestaci\u00f3n en su jurisdicci\u00f3n, con programas que van de la mano de lo social, en donde se acompa\u00f1an de estrategias de educaci\u00f3n ambiental a las familias beneficiadas d\u00e1ndole a conocer de la importancia de sembrar y as\u00ed disminuir los gases efecto invernadero.<\/span><\/div>\n<div dir=\"ltr\"><img loading=\"lazy\" decoding=\"async\" class=\"size-medium wp-image-39063 aligncenter\" src=\"https:\/\/revistazetta.com\/wp-content\/uploads\/2021\/02\/WhatsApp-Image-2021-02-15-at-1.05.00-PM-400x300.jpeg\" alt=\"\" width=\"400\" height=\"300\" srcset=\"https:\/\/revistazetta.com\/wp-content\/uploads\/2021\/02\/WhatsApp-Image-2021-02-15-at-1.05.00-PM-400x300.jpeg 400w, https:\/\/revistazetta.com\/wp-content\/uploads\/2021\/02\/WhatsApp-Image-2021-02-15-at-1.05.00-PM-1024x768.jpeg 1024w, https:\/\/revistazetta.com\/wp-content\/uploads\/2021\/02\/WhatsApp-Image-2021-02-15-at-1.05.00-PM.jpeg 1280w\" sizes=\"auto, (max-width: 400px) 100vw, 400px\" \/><\/div>\n<div class=\"_1wlJG\" dir=\"ltr\"><span class=\"_1VzZY selectable-text copyable-text\" dir=\"ltr\">\u201cCon este programa de estufas ecol\u00f3gicas tambi\u00e9n se contribuye a la disminuci\u00f3n de infecciones respiratorias y mejora la calidad de vida de muchas familias cambiando de la popular \u201chornilla\u201d a una estufa pr\u00e1ctica, eficiente y amigable con el medio ambiente. Seguiremos trabajando Hacia un territorio resiliente y m\u00e1s que sostenible\u201d, dijo Bacci Hern\u00e1ndez.<\/span><\/div>\n<div class=\"_1wlJG\" dir=\"ltr\"><span class=\"_1VzZY selectable-text copyable-text\" dir=\"ltr\">Otro de los proyectos importantes es el Silvopastoril que brinda apoyo y asesor\u00eda a 310 peque\u00f1os ganaderos del norte y centro de Bol\u00edvar, propendiendo por restablecer coberturas forestales nativas asociadas a especies de pastos en m\u00e1s de 620 hect\u00e1reas. El director de Cardique, Angelo Bacci Hern\u00e1ndez, precis\u00f3 que este proyecto, que se implementa por segunda vez, busca fortalecer al peque\u00f1o ganadero para que oriente sus actividades hacia procesos de ganader\u00eda sostenible. Los 310 beneficiarios del proyecto Silvopastoril habitan en El Carmen, San Jacinto, San Juan, Santa Rosa, Villanueva, San Estanislao, Soplaviento, San Crist\u00f3bal y Arroyo Hondo.<\/span><\/div>\n<div dir=\"ltr\"><img loading=\"lazy\" decoding=\"async\" class=\"size-medium wp-image-39061 aligncenter\" src=\"https:\/\/revistazetta.com\/wp-content\/uploads\/2021\/02\/WhatsApp-Image-2021-02-15-at-1.05.00-PM-2-400x300.jpeg\" alt=\"\" width=\"400\" height=\"300\" srcset=\"https:\/\/revistazetta.com\/wp-content\/uploads\/2021\/02\/WhatsApp-Image-2021-02-15-at-1.05.00-PM-2-400x300.jpeg 400w, https:\/\/revistazetta.com\/wp-content\/uploads\/2021\/02\/WhatsApp-Image-2021-02-15-at-1.05.00-PM-2.jpeg 1024w\" sizes=\"auto, (max-width: 400px) 100vw, 400px\" \/><\/div>\n<div class=\"_1wlJG\" dir=\"ltr\"><span class=\"_1VzZY selectable-text copyable-text\" dir=\"ltr\">Los peque\u00f1os ganaderos escogidos no pagar\u00e1n un solo peso, s\u00f3lo tienen que recibir las capacitaciones para mejorar sus hatos. Una muestra del trabajo de Cardique en Cartagena es el inicio del proceso de restauraci\u00f3n ecol\u00f3gica en 59,2 hect\u00e1reas en la Ci\u00e9naga de La Virgen, exactamente en territorio de Tierra Baja y Puerto rey.<\/span><\/div>\n<div class=\"_1wlJG\" dir=\"ltr\"><span class=\"_1VzZY selectable-text copyable-text\" dir=\"ltr\">De acuerdo con \u00c1ngelo Bacci Hern\u00e1ndez este contrato, que busca la restauraci\u00f3n ecol\u00f3gica en las \u00e1reas de manglar, se desarrolla desde el a\u00f1o anterior en un sector aleda\u00f1o a la Ci\u00e9naga donde se ha evidenciado el deterioro paulatino de los ecosistemas de manglar y un alto crecimiento poblacional.<\/span><\/div>\n<div dir=\"ltr\"><img loading=\"lazy\" decoding=\"async\" class=\"size-medium wp-image-39065 aligncenter\" src=\"https:\/\/revistazetta.com\/wp-content\/uploads\/2021\/02\/WhatsApp-Image-2021-02-15-at-1.05.01-PM-2-400x300.jpeg\" alt=\"\" width=\"400\" height=\"300\" srcset=\"https:\/\/revistazetta.com\/wp-content\/uploads\/2021\/02\/WhatsApp-Image-2021-02-15-at-1.05.01-PM-2-400x300.jpeg 400w, https:\/\/revistazetta.com\/wp-content\/uploads\/2021\/02\/WhatsApp-Image-2021-02-15-at-1.05.01-PM-2.jpeg 1024w\" sizes=\"auto, (max-width: 400px) 100vw, 400px\" \/><\/div>\n<div class=\"_1wlJG\" dir=\"ltr\"><span class=\"_1VzZY selectable-text copyable-text\" dir=\"ltr\">\u201cEsta intervenci\u00f3n se proyect\u00f3 en coordinaci\u00f3n interinstitucional con las entidades que hacen parte del Ecobloque, con el objetivo de garantizar la vigilancia, control y \u00e9xito de las actividades que desarrolla Cardique\u201d, precis\u00f3 el director de Cardique, \u00c1ngelo Bacci Hern\u00e1ndez. \u201cCardique garantiza su compromiso con la comunidades para que conjuntamente podamos avanzar hacia un territorio resiliente y m\u00e1s que sostenible, desarrollando este tipo de obras que generen impacto positivo tanto en el ecosistema de manglar y la Ci\u00e9naga de La Virgen, que presentan evidencias de degradaci\u00f3n ambiental\u201d, dijo el director de la entidad.<\/span><\/div>\n<div class=\"_1wlJG\" dir=\"ltr\"><span class=\"_1VzZY selectable-text copyable-text\" dir=\"ltr\"> De igual forma, en el 2020, con la instalaci\u00f3n de paneles solares, la Corporaci\u00f3n Aut\u00f3noma Regional del Canal del Dique (Cardique) se convierte en la primera entidad p\u00fablica de Bol\u00edvar en incursionar con el uso de energ\u00edas alternativas, limpias y renovables. De acuerdo con \u00c1ngelo Bacci Hern\u00e1ndez, director de Cardique, con este tipo de energ\u00edas se reduce el consumo de energia convencional, lo que conlleva a un gran aporte a la conservaci\u00f3n de los recursos naturales. Bacci Hern\u00e1ndez extendi\u00f3 una invitaci\u00f3n a las entidades p\u00fablicas y privadas a que usen este tipo de energ\u00edas renovables, con el prop\u00f3sito de colocar un granito de arena para la conservaci\u00f3n de los recursos naturales.<\/span><\/div>\n<div dir=\"ltr\"><img loading=\"lazy\" decoding=\"async\" class=\"size-medium wp-image-39062 aligncenter\" src=\"https:\/\/revistazetta.com\/wp-content\/uploads\/2021\/02\/WhatsApp-Image-2021-02-15-at-1.05.00-PM-3-400x300.jpeg\" alt=\"\" width=\"400\" height=\"300\" srcset=\"https:\/\/revistazetta.com\/wp-content\/uploads\/2021\/02\/WhatsApp-Image-2021-02-15-at-1.05.00-PM-3-400x300.jpeg 400w, https:\/\/revistazetta.com\/wp-content\/uploads\/2021\/02\/WhatsApp-Image-2021-02-15-at-1.05.00-PM-3.jpeg 1024w\" sizes=\"auto, (max-width: 400px) 100vw, 400px\" \/><\/div>\n<div class=\"_1wlJG\" dir=\"ltr\"><span class=\"_1VzZY selectable-text copyable-text\" dir=\"ltr\">Para este martes 16 de febrero para celebrar el aniversario de Cardique se program\u00f3 un conversatorio virtual entre sus colaboradores que tendr\u00e1 como invitados especiales a algunos beneficiarios de estos proyectos.<\/span><\/div>\n<div dir=\"ltr\">\u00a0\u00a0\u00a0\u00a0\u00a0\u00a0<img loading=\"lazy\" decoding=\"async\" class=\"size-medium wp-image-39060 aligncenter\" src=\"https:\/\/revistazetta.com\/wp-content\/uploads\/2021\/02\/WhatsApp-Image-2021-02-15-at-1.05.00-PM-1-400x300.jpeg\" alt=\"\" width=\"400\" height=\"300\" srcset=\"https:\/\/revistazetta.com\/wp-content\/uploads\/2021\/02\/WhatsApp-Image-2021-02-15-at-1.05.00-PM-1-400x300.jpeg 400w, https:\/\/revistazetta.com\/wp-content\/uploads\/2021\/02\/WhatsApp-Image-2021-02-15-at-1.05.00-PM-1-1024x768.jpeg 1024w, https:\/\/revistazetta.com\/wp-content\/uploads\/2021\/02\/WhatsApp-Image-2021-02-15-at-1.05.00-PM-1.jpeg 1152w\" sizes=\"auto, (max-width: 400px) 100vw, 400px\" \/><\/div>\n<\/div>\n<\/div>\n<\/div>\n<\/div>\n<\/div>\n<\/div>\n<\/div>\n","protected":false},"excerpt":{"rendered":"<p>Con 26 a\u00f1os de labores reci\u00e9n cumplidas la Corporaci\u00f3n Aut\u00f3noma Regional del Canal del Dique (Cardique) cuenta con el conocimiento del territorio para seguir velando por la conservaci\u00f3n de los recursos naturales y llevar un desarrollo sostenible a los habitantes de los 21 municipios de su jurisdicci\u00f3n. Bajo la visi\u00f3n del ingeniero Angelo Bacci Hern\u00e1ndez, la corporaci\u00f3n afianza su relaci\u00f3n con la comunidad en un binomio que se consagra para alcanzar el \u00e9xito en el desarrollo de sus metas a corto, mediano y largo plazo. M\u00e1s all\u00e1 de la labor&#8230; <\/p>\n","protected":false},"author":3,"featured_media":39067,"comment_status":"closed","ping_status":"closed","sticky":false,"template":"","format":"standard","meta":{"footnotes":"","_links_to":"","_links_to_target":""},"categories":[84,75,80],"tags":[303,285,300],"class_list":["post-39058","post","type-post","status-publish","format-standard","has-post-thumbnail","hentry","category-ambiente","category-destacada","category-region","tag-ambiente","tag-destacada","tag-region"],"_links":{"self":[{"href":"https:\/\/revistazetta.com\/index.php?rest_route=\/wp\/v2\/posts\/39058","targetHints":{"allow":["GET"]}}],"collection":[{"href":"https:\/\/revistazetta.com\/index.php?rest_route=\/wp\/v2\/posts"}],"about":[{"href":"https:\/\/revistazetta.com\/index.php?rest_route=\/wp\/v2\/types\/post"}],"author":[{"embeddable":true,"href":"https:\/\/revistazetta.com\/index.php?rest_route=\/wp\/v2\/users\/3"}],"replies":[{"embeddable":true,"href":"https:\/\/revistazetta.com\/index.php?rest_route=%2Fwp%2Fv2%2Fcomments&post=39058"}],"version-history":[{"count":0,"href":"https:\/\/revistazetta.com\/index.php?rest_route=\/wp\/v2\/posts\/39058\/revisions"}],"wp:featuredmedia":[{"embeddable":true,"href":"https:\/\/revistazetta.com\/index.php?rest_route=\/wp\/v2\/media\/39067"}],"wp:attachment":[{"href":"https:\/\/revistazetta.com\/index.php?rest_route=%2Fwp%2Fv2%2Fmedia&parent=39058"}],"wp:term":[{"taxonomy":"category","embeddable":true,"href":"https:\/\/revistazetta.com\/index.php?rest_route=%2Fwp%2Fv2%2Fcategories&post=39058"},{"taxonomy":"post_tag","embeddable":true,"href":"https:\/\/revistazetta.com\/index.php?rest_route=%2Fwp%2Fv2%2Ftags&post=39058"}],"curies":[{"name":"wp","href":"https:\/\/api.w.org\/{rel}","templated":true}]}}