{"id":39070,"date":"2021-02-17T08:13:02","date_gmt":"2021-02-17T13:13:02","guid":{"rendered":"https:\/\/revistazetta.com\/?p=39070"},"modified":"2021-12-08T17:37:08","modified_gmt":"2021-12-08T22:37:08","slug":"fundacion-serena-del-mar-presenta-balance-un-ano-de-grandes-aprendizajes-y-resultados","status":"publish","type":"post","link":"https:\/\/revistazetta.com\/?p=39070","title":{"rendered":"Fundaci\u00f3n Serena del Mar presenta balance: \u00abUn a\u00f1o de grandes aprendizajes y resultados\u00bb"},"content":{"rendered":"<p>Los principales logros y actividades desarrolladas por la Fundaci\u00f3n Serena del Mar durante el 2020 son presentadas en este informativo institucional, donde consolidan las cifras m\u00e1s relevantes de las campa\u00f1as de donaciones, las ruedas de negocios, capacitaciones, programas de formaci\u00f3n, jornadas de consciencia ambiental, entre otras.<\/p>\n<p>Compartimos este enlace para que conozcas los detalles <a href=\"https:\/\/fundacionserenadelmar.org\/periodico-de-la-fsdm\/\" target=\"_blank\" rel=\"noopener noreferrer\" data-saferedirecturl=\"https:\/\/www.google.com\/url?q=https:\/\/fundacionserenadelmar.org\/periodico-de-la-fsdm\/&amp;source=gmail&amp;ust=1613653229464000&amp;usg=AFQjCNFaN9wOuZUZav3nCrQG1wp_eVAVMA\">https:\/\/fundacionserenadelmar.<wbr \/>org\/periodico-de-la-fsdm\/<\/a><\/p>\n","protected":false},"excerpt":{"rendered":"<p>Los principales logros y actividades desarrolladas por la Fundaci\u00f3n Serena del Mar durante el 2020 son presentadas en este informativo institucional, donde consolidan las cifras m\u00e1s relevantes de las campa\u00f1as de donaciones, las ruedas de negocios, capacitaciones, programas de formaci\u00f3n, jornadas de consciencia ambiental, entre otras. Compartimos este enlace para que conozcas los detalles https:\/\/fundacionserenadelmar.org\/periodico-de-la-fsdm\/<\/p>\n","protected":false},"author":3,"featured_media":39071,"comment_status":"closed","ping_status":"closed","sticky":false,"template":"","format":"standard","meta":{"footnotes":"","_links_to":"","_links_to_target":""},"categories":[3,40],"tags":[292,392,354,312],"class_list":["post-39070","post","type-post","status-publish","format-standard","has-post-thumbnail","hentry","category-ciudad","category-tuciudad","tag-ciudad","tag-fundacion-serena-del-mar","tag-serena-del-mar","tag-tu-ciudad"],"_links":{"self":[{"href":"https:\/\/revistazetta.com\/index.php?rest_route=\/wp\/v2\/posts\/39070","targetHints":{"allow":["GET"]}}],"collection":[{"href":"https:\/\/revistazetta.com\/index.php?rest_route=\/wp\/v2\/posts"}],"about":[{"href":"https:\/\/revistazetta.com\/index.php?rest_route=\/wp\/v2\/types\/post"}],"author":[{"embeddable":true,"href":"https:\/\/revistazetta.com\/index.php?rest_route=\/wp\/v2\/users\/3"}],"replies":[{"embeddable":true,"href":"https:\/\/revistazetta.com\/index.php?rest_route=%2Fwp%2Fv2%2Fcomments&post=39070"}],"version-history":[{"count":0,"href":"https:\/\/revistazetta.com\/index.php?rest_route=\/wp\/v2\/posts\/39070\/revisions"}],"wp:featuredmedia":[{"embeddable":true,"href":"https:\/\/revistazetta.com\/index.php?rest_route=\/wp\/v2\/media\/39071"}],"wp:attachment":[{"href":"https:\/\/revistazetta.com\/index.php?rest_route=%2Fwp%2Fv2%2Fmedia&parent=39070"}],"wp:term":[{"taxonomy":"category","embeddable":true,"href":"https:\/\/revistazetta.com\/index.php?rest_route=%2Fwp%2Fv2%2Fcategories&post=39070"},{"taxonomy":"post_tag","embeddable":true,"href":"https:\/\/revistazetta.com\/index.php?rest_route=%2Fwp%2Fv2%2Ftags&post=39070"}],"curies":[{"name":"wp","href":"https:\/\/api.w.org\/{rel}","templated":true}]}}