{"id":39314,"date":"2021-03-09T23:06:21","date_gmt":"2021-03-10T04:06:21","guid":{"rendered":"https:\/\/revistazetta.com\/?p=39314"},"modified":"2021-03-10T07:12:20","modified_gmt":"2021-03-10T12:12:20","slug":"galeria-emeterio-montes-recibe-la-mas-alta-distincion-de-la-orden-de-la-democracia-simon-bolivar","status":"publish","type":"post","link":"https:\/\/revistazetta.com\/?p=39314","title":{"rendered":"Galer\u00eda: Emeterio Montes recibe la m\u00e1s alta distinci\u00f3n de la \u00abOrden de la Democracia Sim\u00f3n Bol\u00edvar\u00bb"},"content":{"rendered":"<p>El congresista bolivarense Emeterio Jos\u00e9 Montes de Castro fue condecorado con la m\u00e1s alta distinci\u00f3n \u201cOrden de la democracia Sim\u00f3n Bol\u00edvar\u201d en el grado Cruz Gran Oficial.<\/p>\n<p>El m\u00e9rito fue reconocido por la Mesa Directiva de la C\u00e1mara de Representantes, en cabeza del Presidente, Dr. Germ\u00e1n Blanco, el d\u00eda 9 de marzo de 2021.<\/p>\n<p><img loading=\"lazy\" decoding=\"async\" class=\"alignnone size-medium wp-image-39309\" src=\"https:\/\/revistazetta.com\/wp-content\/uploads\/2021\/03\/Copia-de-COND003-400x267.jpg\" alt=\"\" width=\"400\" height=\"267\" srcset=\"https:\/\/revistazetta.com\/wp-content\/uploads\/2021\/03\/Copia-de-COND003-400x267.jpg 400w, https:\/\/revistazetta.com\/wp-content\/uploads\/2021\/03\/Copia-de-COND003-1024x683.jpg 1024w, https:\/\/revistazetta.com\/wp-content\/uploads\/2021\/03\/Copia-de-COND003-1536x1024.jpg 1536w, https:\/\/revistazetta.com\/wp-content\/uploads\/2021\/03\/Copia-de-COND003-2048x1365.jpg 2048w\" sizes=\"auto, (max-width: 400px) 100vw, 400px\" \/><\/p>\n<p><img loading=\"lazy\" decoding=\"async\" class=\"alignnone size-medium wp-image-39310\" src=\"https:\/\/revistazetta.com\/wp-content\/uploads\/2021\/03\/EME-1-400x267.jpeg\" alt=\"\" width=\"400\" height=\"267\" srcset=\"https:\/\/revistazetta.com\/wp-content\/uploads\/2021\/03\/EME-1-400x267.jpeg 400w, https:\/\/revistazetta.com\/wp-content\/uploads\/2021\/03\/EME-1-1024x682.jpeg 1024w, https:\/\/revistazetta.com\/wp-content\/uploads\/2021\/03\/EME-1.jpeg 1280w\" sizes=\"auto, (max-width: 400px) 100vw, 400px\" \/><\/p>\n<p><img loading=\"lazy\" decoding=\"async\" class=\"alignnone size-medium wp-image-39313\" src=\"https:\/\/revistazetta.com\/wp-content\/uploads\/2021\/03\/EME-4-400x300.jpeg\" alt=\"\" width=\"400\" height=\"300\" srcset=\"https:\/\/revistazetta.com\/wp-content\/uploads\/2021\/03\/EME-4-400x300.jpeg 400w, https:\/\/revistazetta.com\/wp-content\/uploads\/2021\/03\/EME-4-1024x768.jpeg 1024w, https:\/\/revistazetta.com\/wp-content\/uploads\/2021\/03\/EME-4-1536x1152.jpeg 1536w, https:\/\/revistazetta.com\/wp-content\/uploads\/2021\/03\/EME-4.jpeg 2048w\" sizes=\"auto, (max-width: 400px) 100vw, 400px\" \/><\/p>\n<p><img loading=\"lazy\" decoding=\"async\" class=\"alignnone size-medium wp-image-39312\" src=\"https:\/\/revistazetta.com\/wp-content\/uploads\/2021\/03\/EME-3-400x300.jpeg\" alt=\"\" width=\"400\" height=\"300\" srcset=\"https:\/\/revistazetta.com\/wp-content\/uploads\/2021\/03\/EME-3-400x300.jpeg 400w, https:\/\/revistazetta.com\/wp-content\/uploads\/2021\/03\/EME-3-1024x768.jpeg 1024w, https:\/\/revistazetta.com\/wp-content\/uploads\/2021\/03\/EME-3-1536x1152.jpeg 1536w, https:\/\/revistazetta.com\/wp-content\/uploads\/2021\/03\/EME-3.jpeg 2048w\" sizes=\"auto, (max-width: 400px) 100vw, 400px\" \/><\/p>\n<p><img loading=\"lazy\" decoding=\"async\" class=\"alignnone size-medium wp-image-39311\" src=\"https:\/\/revistazetta.com\/wp-content\/uploads\/2021\/03\/EME-2-400x300.jpeg\" alt=\"\" width=\"400\" height=\"300\" srcset=\"https:\/\/revistazetta.com\/wp-content\/uploads\/2021\/03\/EME-2-400x300.jpeg 400w, https:\/\/revistazetta.com\/wp-content\/uploads\/2021\/03\/EME-2-1024x768.jpeg 1024w, https:\/\/revistazetta.com\/wp-content\/uploads\/2021\/03\/EME-2-1536x1152.jpeg 1536w, https:\/\/revistazetta.com\/wp-content\/uploads\/2021\/03\/EME-2.jpeg 2048w\" sizes=\"auto, (max-width: 400px) 100vw, 400px\" \/><\/p>\n<p><img loading=\"lazy\" decoding=\"async\" class=\"alignnone size-medium wp-image-39307\" src=\"https:\/\/revistazetta.com\/wp-content\/uploads\/2021\/03\/COND006-400x267.jpg\" alt=\"\" width=\"400\" height=\"267\" srcset=\"https:\/\/revistazetta.com\/wp-content\/uploads\/2021\/03\/COND006-400x267.jpg 400w, https:\/\/revistazetta.com\/wp-content\/uploads\/2021\/03\/COND006-1024x683.jpg 1024w, https:\/\/revistazetta.com\/wp-content\/uploads\/2021\/03\/COND006-1536x1024.jpg 1536w, https:\/\/revistazetta.com\/wp-content\/uploads\/2021\/03\/COND006-2048x1365.jpg 2048w\" sizes=\"auto, (max-width: 400px) 100vw, 400px\" \/><\/p>\n<p><img loading=\"lazy\" decoding=\"async\" class=\"alignnone size-medium wp-image-39306\" src=\"https:\/\/revistazetta.com\/wp-content\/uploads\/2021\/03\/COND005-400x267.jpg\" alt=\"\" width=\"400\" height=\"267\" srcset=\"https:\/\/revistazetta.com\/wp-content\/uploads\/2021\/03\/COND005-400x267.jpg 400w, https:\/\/revistazetta.com\/wp-content\/uploads\/2021\/03\/COND005-1024x683.jpg 1024w, https:\/\/revistazetta.com\/wp-content\/uploads\/2021\/03\/COND005-1536x1024.jpg 1536w, https:\/\/revistazetta.com\/wp-content\/uploads\/2021\/03\/COND005-2048x1365.jpg 2048w\" sizes=\"auto, (max-width: 400px) 100vw, 400px\" \/><\/p>\n<p><img loading=\"lazy\" decoding=\"async\" class=\"alignnone size-medium wp-image-39303\" src=\"https:\/\/revistazetta.com\/wp-content\/uploads\/2021\/03\/COND002-400x267.jpg\" alt=\"\" width=\"400\" height=\"267\" srcset=\"https:\/\/revistazetta.com\/wp-content\/uploads\/2021\/03\/COND002-400x267.jpg 400w, https:\/\/revistazetta.com\/wp-content\/uploads\/2021\/03\/COND002-1024x683.jpg 1024w, https:\/\/revistazetta.com\/wp-content\/uploads\/2021\/03\/COND002-1536x1024.jpg 1536w, https:\/\/revistazetta.com\/wp-content\/uploads\/2021\/03\/COND002-2048x1365.jpg 2048w\" sizes=\"auto, (max-width: 400px) 100vw, 400px\" \/><\/p>\n<p>&nbsp;<\/p>\n","protected":false},"excerpt":{"rendered":"<p>El congresista bolivarense Emeterio Jos\u00e9 Montes de Castro fue condecorado con la m\u00e1s alta distinci\u00f3n \u201cOrden de la democracia Sim\u00f3n Bol\u00edvar\u201d en el grado Cruz Gran Oficial. El m\u00e9rito fue reconocido por la Mesa Directiva de la C\u00e1mara de Representantes, en cabeza del Presidente, Dr. Germ\u00e1n Blanco, el d\u00eda 9 de marzo de 2021. &nbsp;<\/p>\n","protected":false},"author":3,"featured_media":39317,"comment_status":"closed","ping_status":"closed","sticky":false,"template":"","format":"standard","meta":{"footnotes":"","_links_to":"","_links_to_target":""},"categories":[92],"tags":[299],"class_list":["post-39314","post","type-post","status-publish","format-standard","has-post-thumbnail","hentry","category-galeria","tag-galeria"],"_links":{"self":[{"href":"https:\/\/revistazetta.com\/index.php?rest_route=\/wp\/v2\/posts\/39314","targetHints":{"allow":["GET"]}}],"collection":[{"href":"https:\/\/revistazetta.com\/index.php?rest_route=\/wp\/v2\/posts"}],"about":[{"href":"https:\/\/revistazetta.com\/index.php?rest_route=\/wp\/v2\/types\/post"}],"author":[{"embeddable":true,"href":"https:\/\/revistazetta.com\/index.php?rest_route=\/wp\/v2\/users\/3"}],"replies":[{"embeddable":true,"href":"https:\/\/revistazetta.com\/index.php?rest_route=%2Fwp%2Fv2%2Fcomments&post=39314"}],"version-history":[{"count":0,"href":"https:\/\/revistazetta.com\/index.php?rest_route=\/wp\/v2\/posts\/39314\/revisions"}],"wp:featuredmedia":[{"embeddable":true,"href":"https:\/\/revistazetta.com\/index.php?rest_route=\/wp\/v2\/media\/39317"}],"wp:attachment":[{"href":"https:\/\/revistazetta.com\/index.php?rest_route=%2Fwp%2Fv2%2Fmedia&parent=39314"}],"wp:term":[{"taxonomy":"category","embeddable":true,"href":"https:\/\/revistazetta.com\/index.php?rest_route=%2Fwp%2Fv2%2Fcategories&post=39314"},{"taxonomy":"post_tag","embeddable":true,"href":"https:\/\/revistazetta.com\/index.php?rest_route=%2Fwp%2Fv2%2Ftags&post=39314"}],"curies":[{"name":"wp","href":"https:\/\/api.w.org\/{rel}","templated":true}]}}