{"id":3944,"date":"2014-12-18T16:01:23","date_gmt":"2014-12-18T21:01:23","guid":{"rendered":"http:\/\/www.revistazetta.com\/?p=3944"},"modified":"2014-12-18T16:01:23","modified_gmt":"2014-12-18T21:01:23","slug":"entrevista-exclusiva-con-espartaco","status":"publish","type":"post","link":"https:\/\/revistazetta.com\/?p=3944","title":{"rendered":"Entrevista exclusiva con Espartaco"},"content":{"rendered":"<p><span style=\"line-height: 1.5em;\"><a href=\"https:\/\/www.revistazetta.com\/wp-content\/uploads\/2014\/12\/148-Toros-Espartaco-2.jpg\"><img loading=\"lazy\" decoding=\"async\" class=\"size-medium wp-image-3947 alignleft\" alt=\"148 - Toros - Espartaco 2\" src=\"https:\/\/www.revistazetta.com\/wp-content\/uploads\/2014\/12\/148-Toros-Espartaco-2-300x187.jpg\" width=\"300\" height=\"187\" srcset=\"https:\/\/revistazetta.com\/wp-content\/uploads\/2014\/12\/148-Toros-Espartaco-2-300x187.jpg 300w, https:\/\/revistazetta.com\/wp-content\/uploads\/2014\/12\/148-Toros-Espartaco-2.jpg 576w\" sizes=\"auto, (max-width: 300px) 100vw, 300px\" \/><\/a>Por varios a\u00f1os, la m\u00e1xima figura del toreo fue Juan Antonio Ru\u00edz \u201cEspartaco\u201d, amo y se\u00f1or de los ruedos, que super\u00f3 todos los registros de corridas actuadas entre 1985 a 1992, y cuya leyenda se sit\u00faa al nivel de otras figuras de \u00e9poca como Belmonte, Manolete, Joselito, Domingu\u00edn, Ord\u00f3\u00f1ez o Curro Romero.<\/span><\/p>\n<p>La gran noticia para el mundo taurino es que Espartaco regreso \u00fanica y exclusivamente para lidiar una corrida: la goyesca de Cartagena de Indias, el pr\u00f3ximo s\u00e1bado 3 de enero de 2015.<\/p>\n<p>El director de Revista Zetta, John Zamora, lo contact\u00f3 en Sevilla, Espa\u00f1a, y desde all\u00ed sostuvo este di\u00e1logo en el que explic\u00f3 las razones de su regreso a Colombia para lidiar una corrida en Cartagena de Indias y habl\u00f3 de las exigencias del toreo de hoy.<\/p>\n<p><b>\u00bfPor qu\u00e9 escogi\u00f3 a Cartagena de Indias para este regreso?<\/b><\/p>\n<p>Ha sido una plaza muy importante y muy emblem\u00e1tica, y para m\u00ed Colombia ha significado much\u00edsimo siempre, desde mis comienzos desde ni\u00f1o, y creo que hoy en d\u00eda est\u00e1 viviendo una situaci\u00f3n complicada y dif\u00edcil, donde hay toreros y novilleros que est\u00e1n haciendo un gran esfuerzo por defender nuestra Fiesta; aunque estoy totalmente retirado del toro, creo que es conveniente que todos los toreros, de una manera u otra, hagamos un gran esfuerzo por estar, por colaborar, por participar con la afici\u00f3n; creo que para mi es una satisfacci\u00f3n muy grande; estoy muy feliz y contento y ojal\u00e1 que pueda estar a la altura de las circunstancias, pero por lo menos las ganas, la intenci\u00f3n y la felicidad de estar con la afici\u00f3n de Colombia va a ser muy especial.<\/p>\n<p><b><a href=\"https:\/\/www.revistazetta.com\/wp-content\/uploads\/2014\/12\/148-Toros-Espartaco-4.jpg\"><img loading=\"lazy\" decoding=\"async\" class=\"size-medium wp-image-3949 alignright\" alt=\"148 - Toros - Espartaco 4\" src=\"https:\/\/www.revistazetta.com\/wp-content\/uploads\/2014\/12\/148-Toros-Espartaco-4-187x300.jpg\" width=\"187\" height=\"300\" srcset=\"https:\/\/revistazetta.com\/wp-content\/uploads\/2014\/12\/148-Toros-Espartaco-4-187x300.jpg 187w, https:\/\/revistazetta.com\/wp-content\/uploads\/2014\/12\/148-Toros-Espartaco-4.jpg 360w\" sizes=\"auto, (max-width: 187px) 100vw, 187px\" \/><\/a>Aunque no toree ante el p\u00fablico, Usted siempre est\u00e1 en el campo entrenando\u2026<\/b><\/p>\n<p>Sigo entrenando pero es muy diferente el campo o una tienta, a estar delante del p\u00fablico, vestido de torero y alternar con tus compa\u00f1eros; hace mucho tiempo que no lo hago, para mi eso es muy dif\u00edcil, pero la verdad es que me hace mucha felicidad estar; tambi\u00e9n es una gran responsabilidad, por la tensi\u00f3n de revivir todos esos momentos. Y eso te preocupa mucho m\u00e1s y pasas m\u00e1s miedo, y miedo de, en un momento dado, no estar a la altura de las circunstancias; pero bueno, creo que con el cari\u00f1o que voy a Colombia, a Cartagena, creo que todo eso va a vencer cualquier tipo de dificultad que pueda tener.<\/p>\n<p><b>Espartaco ha sido una figura de \u00e9poca\u2026 despu\u00e9s de usted \u00bfqui\u00e9nes han heredado su sitial?<\/b><\/p>\n<p>Para m\u00ed ser\u00eda muy dif\u00edcil mencionar un nombre porque han sido muchos toreros, me da un poco de apuro, pero creo que he sido superado con creces y que ahora mismo estamos viendo una etapa muy bonita de toreros extraordinarios, y que est\u00e1n ocupando los primeros puestos y si est\u00e1n ah\u00ed es por algo, y gracias a Dios que son muchos.<\/p>\n<p><b>\u00bfTiene otras actuaciones pendientes en Colombia, en M\u00e9xico o en Espa\u00f1a?<\/b><\/p>\n<p>No, de momento solo est\u00e1 Cartagena de Indias\u2026<\/p>\n<p><b>Entonces eso hace mucho m\u00e1s especial este anuncio.<\/b><\/p>\n<p>Si, Cartagena es muy especial\u2026 En Espa\u00f1a es muy dif\u00edcil, aunque varios empresarios amigos me lo proponen, yo estoy retirado; tiene que ser algo que te toque el coraz\u00f3n, que lo hagas con much\u00edsimo cari\u00f1o, que todo te rodee para que sea algo especial como lo es Cartagena, si hay alguna cosa muy parecida y si tengo la capacidad es probable que lo pueda hacer, pero de momento mi objetivo es Cartagena de Indias.<\/p>\n<p><b><a href=\"https:\/\/www.revistazetta.com\/wp-content\/uploads\/2014\/12\/148-Toros-Espartaco-1.jpg\"><img loading=\"lazy\" decoding=\"async\" class=\"size-medium wp-image-3946 alignleft\" alt=\"148 - Toros - Espartaco 1\" src=\"https:\/\/www.revistazetta.com\/wp-content\/uploads\/2014\/12\/148-Toros-Espartaco-1-300x187.jpg\" width=\"300\" height=\"187\" srcset=\"https:\/\/revistazetta.com\/wp-content\/uploads\/2014\/12\/148-Toros-Espartaco-1-300x187.jpg 300w, https:\/\/revistazetta.com\/wp-content\/uploads\/2014\/12\/148-Toros-Espartaco-1.jpg 576w\" sizes=\"auto, (max-width: 300px) 100vw, 300px\" \/><\/a>La invitaci\u00f3n a la afici\u00f3n\u2026<\/b><\/p>\n<p>Sobre todo mi agradecimiento a Cartagena por lo todo lo que ha significado en el mundo del toro y en mi carrera y en la carrera de muchos otros colegas; considero que Cartagena es una plaza muy especial del mundo taurino, donde han pasado todas las grandes figuras del toreo, por eso el llamado para que la afici\u00f3n nos acompa\u00f1e y engrandecer el espect\u00e1culo. Con el esfuerzo de los toreros, ganaderos, del empresario El Gino que est\u00e1 haciendo un gran esfuerzo, la afici\u00f3n ser\u00e1 la protagonista de mantener la historia del toreo en Cartagena de Indias.<\/p>\n","protected":false},"excerpt":{"rendered":"<p>Por varios a\u00f1os, la m\u00e1xima figura del toreo fue Juan Antonio Ru\u00edz \u201cEspartaco\u201d, amo y se\u00f1or de los ruedos, que super\u00f3 todos los registros de corridas actuadas entre 1985 a 1992, y cuya leyenda se sit\u00faa al nivel de otras figuras de \u00e9poca como Belmonte, Manolete, Joselito, Domingu\u00edn, Ord\u00f3\u00f1ez o Curro Romero. La gran noticia para el mundo taurino es que Espartaco regreso \u00fanica y exclusivamente para lidiar una corrida: la goyesca de Cartagena de Indias, el pr\u00f3ximo s\u00e1bado 3 de enero de 2015. El director de Revista Zetta, John&#8230; <\/p>\n","protected":false},"author":3,"featured_media":3948,"comment_status":"closed","ping_status":"closed","sticky":false,"template":"","format":"standard","meta":{"footnotes":"","_links_to":"","_links_to_target":""},"categories":[41,42],"tags":[],"class_list":["post-3944","post","type-post","status-publish","format-standard","has-post-thumbnail","hentry","category-cultura","category-cultura-toros"],"_links":{"self":[{"href":"https:\/\/revistazetta.com\/index.php?rest_route=\/wp\/v2\/posts\/3944","targetHints":{"allow":["GET"]}}],"collection":[{"href":"https:\/\/revistazetta.com\/index.php?rest_route=\/wp\/v2\/posts"}],"about":[{"href":"https:\/\/revistazetta.com\/index.php?rest_route=\/wp\/v2\/types\/post"}],"author":[{"embeddable":true,"href":"https:\/\/revistazetta.com\/index.php?rest_route=\/wp\/v2\/users\/3"}],"replies":[{"embeddable":true,"href":"https:\/\/revistazetta.com\/index.php?rest_route=%2Fwp%2Fv2%2Fcomments&post=3944"}],"version-history":[{"count":0,"href":"https:\/\/revistazetta.com\/index.php?rest_route=\/wp\/v2\/posts\/3944\/revisions"}],"wp:featuredmedia":[{"embeddable":true,"href":"https:\/\/revistazetta.com\/index.php?rest_route=\/wp\/v2\/media\/3948"}],"wp:attachment":[{"href":"https:\/\/revistazetta.com\/index.php?rest_route=%2Fwp%2Fv2%2Fmedia&parent=3944"}],"wp:term":[{"taxonomy":"category","embeddable":true,"href":"https:\/\/revistazetta.com\/index.php?rest_route=%2Fwp%2Fv2%2Fcategories&post=3944"},{"taxonomy":"post_tag","embeddable":true,"href":"https:\/\/revistazetta.com\/index.php?rest_route=%2Fwp%2Fv2%2Ftags&post=3944"}],"curies":[{"name":"wp","href":"https:\/\/api.w.org\/{rel}","templated":true}]}}