{"id":3951,"date":"2014-12-18T16:04:55","date_gmt":"2014-12-18T21:04:55","guid":{"rendered":"http:\/\/www.revistazetta.com\/?p=3951"},"modified":"2014-12-18T16:04:55","modified_gmt":"2014-12-18T21:04:55","slug":"andres-betancourt-el-gran-tema-es-hacia-donde-va-cartagena","status":"publish","type":"post","link":"https:\/\/revistazetta.com\/?p=3951","title":{"rendered":"Andr\u00e9s Betancourt: \u201cEl gran tema es hacia d\u00f3nde va Cartagena\u201d"},"content":{"rendered":"<p><span style=\"line-height: 1.5em;\">Revista Zetta\u00a0 le formul\u00f3 10 preguntas a Andr\u00e9s Betancourt, aspirante a la Alcald\u00eda de Cartagena, quien respondi\u00f3 desde Harvard donde adelant\u00f3 una temporada de estudios. El dirigente ya regres\u00f3 y se encuentra en la ciudad para compartir en familia las fiestas de Navidad y A\u00f1o Nuevo.<\/span><\/p>\n<p><b>1.- Como eval\u00faa, meses despu\u00e9s, su decisi\u00f3n de renunciar al Concejo de Cartagena.<\/b><\/p>\n<p>Ha sido una gran experiencia, primero desde lo personal porque me ha permitido, desde otra \u00f3ptica y perspectiva, analizar las condiciones sociales y econ\u00f3micas de la ciudad y sentirlas desde la perspectiva ciudadana; para m\u00ed ha sido bastante grato enaltecer mi condici\u00f3n ciudadana.<\/p>\n<p><b>2.- Cu\u00e1l es la principal ense\u00f1anza aprendida en las semanas de estudio en Harvard.<\/b><\/p>\n<p>Ratificar la visi\u00f3n de sociedad que debemos construir, no por parecernos a una sociedad anglosajona, sino de saber que el mundo hoy habla de tres cosas: equidad, educaci\u00f3n y paz; en lo personal, una gran autorreflexi\u00f3n; soy muy autocr\u00edtico y me ha permitido tener una visi\u00f3n de los que debemos hacer, mis fallas y mis aciertos. Esa mezcla del desarrollo de las oportunidades, del estudio, de la autorreflexi\u00f3n, hacen que tenga hoy una mejor visi\u00f3n de hacia d\u00f3nde debemos llevar nuestra sociedad.<\/p>\n<p><b>3.- \u00bfConsidera usted que en Cartagena tiene el liderazgo que se requiere y que hay voluntad de unidad?<\/b><\/p>\n<p>Si, Cartagena y los cartageneros tenemos la capacidad de liderazgo para generar iniciativas que transformen nuestra sociedad y nuestra ciudad. Y tambi\u00e9n hay voluntad de unidad, pero lo que existe en Cartagena es una gran desconfianza y es lo que evita que la gente no se una, pero tenemos el potencial para transformar nuestra sociedad, nuestra ciudad, y creo en el talento cartagenero.<\/p>\n<p><b>4.- El alcalde Dionisio V\u00e9lez inicia el \u00faltimo a\u00f1o de su mandato. \u00bfCree que le alcanzar\u00e1 para cumplir su plan de obras?<\/b><\/p>\n<p>Espero que no solo Dionisio sino todo el gobierno cumpla con el plan de obras, primero porque la ciudad necesita que se cumpla, porque el gobierno necesita cumplir, y porque yo vot\u00e9 por Dionisio y su Plan de Desarrollo, y hago parte de estas iniciativas; Cartagena no puede seguir viviendo bajo las frustraciones ni construy\u00e9ndose sobre una sociedad de desconfianza y creer que somos una sociedad fallida, sino que tenemos una sociedad llena de fortalezas para triunfar.<\/p>\n<p><b>5.- Cartagena ocup\u00f3 el puesto 52 en las pruebas Saber. \u00bfQu\u00e9 hacer con la Educaci\u00f3n? \u00bfUsted pedir\u00eda renuncias?<\/b><\/p>\n<p>Hoy la diferencia entre la educaci\u00f3n privada y la p\u00fablica es abismal, y los resultados dicen que hemos estado de espaldas a la educaci\u00f3n. Antes de pedir renuncias el sistema debe autoreflexionarse: educaci\u00f3n equitativa, sin diferencias entre la p\u00fablica y privada; avanzar en la calidad educativa de modo integral, no solo en el pensum sino para los docentes; enfocarnos en la educaci\u00f3n con pertinencia del desarrollo econ\u00f3mico y social, con deporte y cultura; los resultados mediocres son consecuencia de la poca inversi\u00f3n.<\/p>\n<p><b>6.- Cartagena anda de pol\u00e9mica en pol\u00e9mica. \u00bfCree que nos faltan discusiones de profundidad?<\/b><\/p>\n<p>\u00a1Claro que s\u00ed! y el gran tema es hacia d\u00f3nde va la ciudad, y debemos consensuar para presentar propuestas audaces que nos permitan legitimar desde lo pol\u00edtico, las decisiones en la ciudad. M\u00e1s all\u00e1 de discusiones banales, debemos ponernos de acuerdo en una gran prospectiva de ciudad que haga de Cartagena una mejor ciudad y de los cartageneros una mejor sociedad. \u00bfPor qu\u00e9 pasamos de pol\u00e9mica en pol\u00e9mica? Porque la gente esconde sus intereses.<\/p>\n<p><b>7.- \u00bfQu\u00e9 har\u00eda Usted en el terreno de la Base Naval?<\/b><\/p>\n<p>Es imperativo trasladar la Base Naval y el terreno que queda es privilegiado, y debe declararse recurso p\u00fablico o de utilidad tur\u00edstica p\u00fablica. Debe ser p\u00fablico para la cultura, recreaci\u00f3n, esparcimiento, deporte, movilidad, turismo. Llevar la Base a Tierrabomba es otro gran reto, y se debe declarar la propiedad de manera clara e inequ\u00edvoca, pero adem\u00e1s y de modo imperativo, restablecer las condiciones sociales de las cuatro poblaciones de Tierrabomba, con agua y alcantarillado. Adem\u00e1s, un plan de manejo ambiental y un plan de ordenamiento territorial.<\/p>\n<p><b>8.- Un conductor salvaje arroll\u00f3 a un grupo de ciclistas y mat\u00f3 a dos de ellos. \u00bfQu\u00e9 hacer con la irresponsabilidad al volante en Cartagena?<\/b><\/p>\n<p>Necesitamos medidas muy dr\u00e1sticas en Cartagena para que estos conductores pierdan la posibilidad de conducir en el resto de su vida, y no podemos seguir permitiendo que las empresas de transporte pongan a cualquiera a manejar, y deben certificarse con el ISO 14000 para que sus conductores sepan realmente qu\u00e9 es un servicio p\u00fablico.<\/p>\n<p><b>9.- Usted dijo que \u201clo mejor que me ha pasado es salirme del Concejo\u201d. En su aspiraci\u00f3n a la Alcald\u00eda, \u00bfle acompa\u00f1ar\u00e1n las fuerzas pol\u00edticas representadas en el Concejo de Cartagena? <\/b><\/p>\n<p>Claro que s\u00ed y espero que as\u00ed sea, que las fuerzas pol\u00edticas del Concejo me acompa\u00f1en; tengo la voluntad y la decisi\u00f3n f\u00e9rrea de conquistar fuerzas pol\u00edticas en el Concejo para convencerles de que representamos la mejor alternativa en la ciudad de Cartagena.<\/p>\n<p><b>10.- Llega la Navidad. Cu\u00e1l es el mensaje para los cartageneros.<\/b><\/p>\n<p>Est\u00e1 basado en lo que escribi\u00f3 el Papa Francisco, a quien admiro, y me hace sentir m\u00e1s cristino y m\u00e1s salesiano. \u201cLe pregunt\u00e9 a Dios qu\u00e9 es la Navidad. Simplemente respondi\u00f3: La Navidad es la luz que ilumina tu vida y el camino de los dem\u00e1s, con bondad, paciencia, alegr\u00eda y generosidad. Entonces pregunt\u00e9: \u00bfpor qu\u00e9 nos regalan una tarjeta? A lo cual Dios me respondi\u00f3: la tarjeta eres t\u00fa cuando la bondad est\u00e1 escrita en tus manos. Entonces pens\u00e9: No debo destruir con mis acciones la bondad que tiene mi coraz\u00f3n\u201d.<\/p>\n<p>Feliz Navidad para todos los cartageneros que tratamos de parecernos cada d\u00eda m\u00e1s a la Navidad; de mi parte, de mi esposa Cecilia, de mis hijos Alejandro, Miguel y Gabriel.<\/p>\n","protected":false},"excerpt":{"rendered":"<p>Revista Zetta\u00a0 le formul\u00f3 10 preguntas a Andr\u00e9s Betancourt, aspirante a la Alcald\u00eda de Cartagena, quien respondi\u00f3 desde Harvard donde adelant\u00f3 una temporada de estudios. El dirigente ya regres\u00f3 y se encuentra en la ciudad para compartir en familia las fiestas de Navidad y A\u00f1o Nuevo. 1.- Como eval\u00faa, meses despu\u00e9s, su decisi\u00f3n de renunciar al Concejo de Cartagena. Ha sido una gran experiencia, primero desde lo personal porque me ha permitido, desde otra \u00f3ptica y perspectiva, analizar las condiciones sociales y econ\u00f3micas de la ciudad y sentirlas desde la&#8230; <\/p>\n","protected":false},"author":3,"featured_media":3953,"comment_status":"closed","ping_status":"closed","sticky":false,"template":"","format":"standard","meta":{"footnotes":"","_links_to":"","_links_to_target":""},"categories":[30,4],"tags":[],"class_list":["post-3951","post","type-post","status-publish","format-standard","has-post-thumbnail","hentry","category-politica-entrevistas","category-politica"],"_links":{"self":[{"href":"https:\/\/revistazetta.com\/index.php?rest_route=\/wp\/v2\/posts\/3951","targetHints":{"allow":["GET"]}}],"collection":[{"href":"https:\/\/revistazetta.com\/index.php?rest_route=\/wp\/v2\/posts"}],"about":[{"href":"https:\/\/revistazetta.com\/index.php?rest_route=\/wp\/v2\/types\/post"}],"author":[{"embeddable":true,"href":"https:\/\/revistazetta.com\/index.php?rest_route=\/wp\/v2\/users\/3"}],"replies":[{"embeddable":true,"href":"https:\/\/revistazetta.com\/index.php?rest_route=%2Fwp%2Fv2%2Fcomments&post=3951"}],"version-history":[{"count":0,"href":"https:\/\/revistazetta.com\/index.php?rest_route=\/wp\/v2\/posts\/3951\/revisions"}],"wp:featuredmedia":[{"embeddable":true,"href":"https:\/\/revistazetta.com\/index.php?rest_route=\/wp\/v2\/media\/3953"}],"wp:attachment":[{"href":"https:\/\/revistazetta.com\/index.php?rest_route=%2Fwp%2Fv2%2Fmedia&parent=3951"}],"wp:term":[{"taxonomy":"category","embeddable":true,"href":"https:\/\/revistazetta.com\/index.php?rest_route=%2Fwp%2Fv2%2Fcategories&post=3951"},{"taxonomy":"post_tag","embeddable":true,"href":"https:\/\/revistazetta.com\/index.php?rest_route=%2Fwp%2Fv2%2Ftags&post=3951"}],"curies":[{"name":"wp","href":"https:\/\/api.w.org\/{rel}","templated":true}]}}