{"id":39548,"date":"2021-03-28T12:20:13","date_gmt":"2021-03-28T17:20:13","guid":{"rendered":"https:\/\/revistazetta.com\/?p=39548"},"modified":"2021-03-28T12:20:13","modified_gmt":"2021-03-28T17:20:13","slug":"promueven-a-cartagena-como-destino-cinematografico","status":"publish","type":"post","link":"https:\/\/revistazetta.com\/?p=39548","title":{"rendered":"Promueven a Cartagena como destino cinematogr\u00e1fico"},"content":{"rendered":"<p>Con un trabajo de m\u00e1s de <strong>7 a\u00f1os<\/strong> entre el <strong>Festival Internacional de Cine de Cartagena de Indias -FICCI,<\/strong> declarado Patrimonio Cultural de Colombia, el <strong>Ministerio de Comercio, Industria y Turismo \u2013 MinCIT y FONTUR Colombia,<\/strong> se consolida la campa\u00f1a <strong>#YOVOY: Caribe y Cine. Cartagena.<br \/>\n<\/strong><br \/>\nEsta iniciativa tiene como protagonista a Cartagena, lugar tur\u00edstico y cultural, cuya privilegiada ubicaci\u00f3n en el Caribe colombiano la hace un escenario propicio para contar historias. En los \u00faltimos a\u00f1os la ciudad ha acogido a los m\u00e1s importantes exponentes de la cinematograf\u00eda mundial y nacional (actores, realizadores, directores, productores, guionistas y cin\u00e9filos) convirti\u00e9ndose en una plataforma para el desarrollo regional a trav\u00e9s del cine.<\/p>\n<p>Este a\u00f1o el <strong>FICCI<\/strong> en su edici\u00f3n especial <strong>FICCI INTERRUPTUS<\/strong>, a fin de consolidar el desarrollo de la industria, ha dise\u00f1ado dos eventos dirigidos a este sector. De un lado, <strong>Sal\u00f3n FICCI,<\/strong> la agenda acad\u00e9mica del Festival, con el objetivo de promover la reflexi\u00f3n cr\u00edtica y el di\u00e1logo alrededor de temas que interesan al cine, y por otro, la <strong>Tercera edici\u00f3n de la Convenci\u00f3n de la Industria Audiovisual &#8211; NIDO<\/strong>, realizada el pasado 24 y 25 de marzo, dos espacios que impulsan la apuesta de esta iniciativa.<\/p>\n<p><strong>#YOVOY: Caribe y Cine. Cartagena,<\/strong> se articula a los planes de Acci\u00f3n de la Corporaci\u00f3n de Turismo de Cartagena de Indias que no solo benefician a la ciudad, sino al pa\u00eds y aporta al cumplimiento de los indicadores del Plan Sectorial Nacional De Turismo 2018-2022.<\/p>\n<p><em>\u00abLa edici\u00f3n especial FICCI INTERRUPTUS, no solo contin\u00faa posicionando a Colombia como una vitrina cinematogr\u00e1fica de alcance mundial, sino como un epicentro para impulsar la econom\u00eda naranja y fortalecer la oferta cultural de la mano de la reactivaci\u00f3n responsable del turismo bajo las condiciones de la nueva normalidad\u00bb<\/em> asegura Raquel Garavito, presidente de FONTUR Colombia.<\/p>\n<p>El cine es una industria que aporta entre el <strong>3,3% y 3,5%<\/strong> del Producto Interno Bruto (PIB) anual y produce cerca de 800.000 empleos, seg\u00fan cifras del Fondo Mixto de Promoci\u00f3n Cinematogr\u00e1fica de Proim\u00e1genes Colombia y es por ello que el Festival, apoya la campa\u00f1a <strong>#YOVOY: Caribe y Cine. Cartagena,<\/strong> y a trav\u00e9s de sus diferentes espacios y plataformas contribuye a las din\u00e1micas en la cadena productiva, con una oferta cultural altamente competitiva, que adem\u00e1s hacen a Cartagena, al departamento de Bol\u00edvar y a Colombia un escenario formidable de promoci\u00f3n de las estrategias de reactivaci\u00f3n econ\u00f3mica y tur\u00edstica del pa\u00eds.<\/p>\n","protected":false},"excerpt":{"rendered":"<p>Con un trabajo de m\u00e1s de 7 a\u00f1os entre el Festival Internacional de Cine de Cartagena de Indias -FICCI, declarado Patrimonio Cultural de Colombia, el Ministerio de Comercio, Industria y Turismo \u2013 MinCIT y FONTUR Colombia, se consolida la campa\u00f1a #YOVOY: Caribe y Cine. Cartagena. Esta iniciativa tiene como protagonista a Cartagena, lugar tur\u00edstico y cultural, cuya privilegiada ubicaci\u00f3n en el Caribe colombiano la hace un escenario propicio para contar historias. En los \u00faltimos a\u00f1os la ciudad ha acogido a los m\u00e1s importantes exponentes de la cinematograf\u00eda mundial y nacional&#8230; <\/p>\n","protected":false},"author":3,"featured_media":39549,"comment_status":"closed","ping_status":"closed","sticky":false,"template":"","format":"standard","meta":{"footnotes":"","_links_to":"","_links_to_target":""},"categories":[60,41],"tags":[291,290],"class_list":["post-39548","post","type-post","status-publish","format-standard","has-post-thumbnail","hentry","category-cine","category-cultura","tag-cine","tag-cultura"],"_links":{"self":[{"href":"https:\/\/revistazetta.com\/index.php?rest_route=\/wp\/v2\/posts\/39548","targetHints":{"allow":["GET"]}}],"collection":[{"href":"https:\/\/revistazetta.com\/index.php?rest_route=\/wp\/v2\/posts"}],"about":[{"href":"https:\/\/revistazetta.com\/index.php?rest_route=\/wp\/v2\/types\/post"}],"author":[{"embeddable":true,"href":"https:\/\/revistazetta.com\/index.php?rest_route=\/wp\/v2\/users\/3"}],"replies":[{"embeddable":true,"href":"https:\/\/revistazetta.com\/index.php?rest_route=%2Fwp%2Fv2%2Fcomments&post=39548"}],"version-history":[{"count":0,"href":"https:\/\/revistazetta.com\/index.php?rest_route=\/wp\/v2\/posts\/39548\/revisions"}],"wp:featuredmedia":[{"embeddable":true,"href":"https:\/\/revistazetta.com\/index.php?rest_route=\/wp\/v2\/media\/39549"}],"wp:attachment":[{"href":"https:\/\/revistazetta.com\/index.php?rest_route=%2Fwp%2Fv2%2Fmedia&parent=39548"}],"wp:term":[{"taxonomy":"category","embeddable":true,"href":"https:\/\/revistazetta.com\/index.php?rest_route=%2Fwp%2Fv2%2Fcategories&post=39548"},{"taxonomy":"post_tag","embeddable":true,"href":"https:\/\/revistazetta.com\/index.php?rest_route=%2Fwp%2Fv2%2Ftags&post=39548"}],"curies":[{"name":"wp","href":"https:\/\/api.w.org\/{rel}","templated":true}]}}