{"id":39702,"date":"2021-04-07T17:10:01","date_gmt":"2021-04-07T22:10:01","guid":{"rendered":"https:\/\/revistazetta.com\/?p=39702"},"modified":"2021-04-07T17:12:38","modified_gmt":"2021-04-07T22:12:38","slug":"alonso-del-rio-carta-fija-a-camara-por-el-partido-de-la-u","status":"publish","type":"post","link":"https:\/\/revistazetta.com\/?p=39702","title":{"rendered":"Alonso del R\u00edo, carta fija a C\u00e1mara por el Partido de la U"},"content":{"rendered":"<p><strong>Cartagena de Indias, 7 de abril 2021.-<\/strong>\u00a0El representante Alonso del R\u00edo Cabarcas es una de las cartas fijas del Partido de la U para integrar la lista que postular\u00e1 esa colectividad en las elecciones de marzo 2022.<\/p>\n<p>Del R\u00edo asegur\u00f3 que su prop\u00f3sito de reelecci\u00f3n le dar\u00e1 continuidad a las l\u00edneas de acci\u00f3n parlamentaria que viene desarrollando, en especial las atinentes a la comisi\u00f3n Quinta en relaci\u00f3n con la prestaci\u00f3n de servicios p\u00fablicos fundamentales, como la salud.<\/p>\n<p>El congresista estima que uno de los retos de las pr\u00f3ximas elecciones es demostrar la fortaleza y madurez del grupo pol\u00edtico que representa, en reconocimiento al liderazgo que tuvo por largos a\u00f1os el fallecido exsenador Juan Jos\u00e9 Garc\u00eda Romero, y afianzar la curul en Senado de Andr\u00e9s Garc\u00eda Zuccardi.<\/p>\n<p>Alonso del R\u00edo expres\u00f3 que el contacto y la presencia con la provincia bolivarense ha sido constante en medio de la pandemia, donde la virtualidad ha sido un instrumento valioso, y la presencialidad cuando la prudencia y bioseguridad lo permite.\u00a0Ese contacto lo acentuar\u00e1 porque un dirigente pol\u00edtico siempre tiene que escuchar a las comunidades. Admite que debe elevar el flujo comunicativo en redes sociales, para reflejar y visibilizar el di\u00e1logo en las \u00e1reas municipales de Bol\u00edvar.<\/p>\n<p>Se mostr\u00f3 motivado por la reciente modificaci\u00f3n normativa que garantiza un 50% para las mujeres en la conformaci\u00f3n de las listas de los partidos, lo que significa que en Bol\u00edvar ser\u00e1n al menos tres liderazgos femeninos, lo que permite articular un trabajo pol\u00edtico y robustecer al Partido de la U.<\/p>\n<p><strong>Estas son algunas de las acciones adelantadas por Alonso del R\u00edo en la curul que ocupa en la C\u00e1mara de Representantes:<\/strong><\/p>\n<p><span class=\"Apple-converted-space\">\u00a0<\/span>Ponente P.L 130 de 2018 C\u00e1mara, radicada ponencia para segundo debate \u201cPor medio del cual se modifica el cargo por confiabilidad y se dictan normas para la estabilidad del sector el\u00e9ctrico colombiano\u201d<span class=\"Apple-converted-space\">\u00a0<\/span><\/p>\n<p>Proposiciones en Comisi\u00f3n Quinta:<span class=\"Apple-converted-space\">\u00a0<\/span><\/p>\n<ol>\n<li>Pp. No. 019,020 y 040 para citar a debate de control pol\u00edtico a los ministros de Minas y Ambiente y al Presidente de Ecopetrol, con el fin de socializar y hacer p\u00fablica la pol\u00edtica que el Gobierno Nacional ha anunciado respecto de promover la explotaci\u00f3n de recursos mineros y energ\u00e9ticos no convencionales bajo el lema \u201cproducir conservando y conservar produciendo\u201d y sobre Fracking responsable.<\/li>\n<li>Pp.No. 021 para citar citar a debate de control pol\u00edtico al Ministro de Minas, al Agente especial de Electricaribe sobre la situaci\u00f3n actual y futura de Electricaribe.<\/li>\n<li>Pp. No. 77 para citar a debate de control pol\u00edtico a la Comisi\u00f3n Reguladora de los precios de la Energ\u00eda para que rinda informe sobre el funcionamiento del cargo por confiabilidad dentro del esquema del sistema energ\u00e9tico nacional.<\/li>\n<li>Pp. No. 105 para citar a debate de control pol\u00edtico a la Directora del Instituto Geogr\u00e1fico Agust\u00edn Codazzi, para que rinda informe sobre el proceso de actualizaci\u00f3n catastral en zonas rurales del pa\u00eds.<\/li>\n<li>Pp. No 106 para citar a Comisi\u00f3n Quinta para elecci\u00f3n de Mesa Directiva para el periodo legislativo 2019-2020.<\/li>\n<\/ol>\n<p>Proposiciones Comisi\u00f3n especial de seguimiento al proceso de Descentralizaci\u00f3n y Ordenamiento territorial:<span class=\"Apple-converted-space\">\u00a0<\/span><\/p>\n<ul>\n<li>Informe de proposici\u00f3n favorable radicado en mayo de 2019 al Informe al P.L Ley No. 191 de 2018 C\u00e1mara, \u201cPor medio de la cual se otorga al Municipio de Aracataca. Del Departamento del Magdalena, la Categor\u00eda de Distrito Literario, Cultural y Tur\u00edstico\u201d.<\/li>\n<li>&#8211; \u00a0P.L No. 32 de 2018 del Senado \u201cpor medio del cual se declara al municipio de Ci\u00e9naga- Magdalena Distrito Tur\u00edstico, Agropecuario y portuario\u201d.<\/li>\n<li>&#8211; \u00a0Informe de concepto favorable sobre el Expediente presentado por el IGAC, radicado en junio de 2019 correspondiente al proceso de Deslinde- Diferendo Lim\u00edtrofe Territorial que existe entre el Departamento del Cesar (Municipio de Valledupar) y el Departamento de La Guajira (Municipio de San Juan del Cesar).<\/li>\n<\/ul>\n<p>Desarrollo de debates de control pol\u00edtico, Comisi\u00f3n Quinta:<span class=\"Apple-converted-space\">\u00a0<\/span><\/p>\n<ul>\n<li>&#8211; \u00a0Debate de proposiciones No. 019,020 y 040 desarrollado el mi\u00e9rcoles 26 de septiembre de 2018. Se logr\u00f3 recaudar informaci\u00f3n de conocimiento t\u00e9cnico para los congresistas y as\u00ed tener insumos sobre las futuras discusiones que se den en materia de fracking.<\/li>\n<li>&#8211; \u00a0Debate de proposici\u00f3n. No. 021, tramitado y sin respuesta por parte de las autoridades citadas.<\/li>\n<li>&#8211; \u00a0Debate de proposici\u00f3n. No. 077, tramitado y sin respuesta por parte de la Comisi\u00f3n Reguladora de los precios de Energ\u00eda citada.<\/li>\n<\/ul>\n","protected":false},"excerpt":{"rendered":"<p>Cartagena de Indias, 7 de abril 2021.-\u00a0El representante Alonso del R\u00edo Cabarcas es una de las cartas fijas del Partido de la U para integrar la lista que postular\u00e1 esa colectividad en las elecciones de marzo 2022. Del R\u00edo asegur\u00f3 que su prop\u00f3sito de reelecci\u00f3n le dar\u00e1 continuidad a las l\u00edneas de acci\u00f3n parlamentaria que viene desarrollando, en especial las atinentes a la comisi\u00f3n Quinta en relaci\u00f3n con la prestaci\u00f3n de servicios p\u00fablicos fundamentales, como la salud. El congresista estima que uno de los retos de las pr\u00f3ximas elecciones es&#8230; <\/p>\n","protected":false},"author":3,"featured_media":39703,"comment_status":"closed","ping_status":"closed","sticky":false,"template":"","format":"standard","meta":{"footnotes":"","_links_to":"","_links_to_target":""},"categories":[336,4],"tags":[338,298],"class_list":["post-39702","post","type-post","status-publish","format-standard","has-post-thumbnail","hentry","category-camara-de-representantes","category-politica","tag-camara-de-representantes","tag-politica"],"_links":{"self":[{"href":"https:\/\/revistazetta.com\/index.php?rest_route=\/wp\/v2\/posts\/39702","targetHints":{"allow":["GET"]}}],"collection":[{"href":"https:\/\/revistazetta.com\/index.php?rest_route=\/wp\/v2\/posts"}],"about":[{"href":"https:\/\/revistazetta.com\/index.php?rest_route=\/wp\/v2\/types\/post"}],"author":[{"embeddable":true,"href":"https:\/\/revistazetta.com\/index.php?rest_route=\/wp\/v2\/users\/3"}],"replies":[{"embeddable":true,"href":"https:\/\/revistazetta.com\/index.php?rest_route=%2Fwp%2Fv2%2Fcomments&post=39702"}],"version-history":[{"count":0,"href":"https:\/\/revistazetta.com\/index.php?rest_route=\/wp\/v2\/posts\/39702\/revisions"}],"wp:featuredmedia":[{"embeddable":true,"href":"https:\/\/revistazetta.com\/index.php?rest_route=\/wp\/v2\/media\/39703"}],"wp:attachment":[{"href":"https:\/\/revistazetta.com\/index.php?rest_route=%2Fwp%2Fv2%2Fmedia&parent=39702"}],"wp:term":[{"taxonomy":"category","embeddable":true,"href":"https:\/\/revistazetta.com\/index.php?rest_route=%2Fwp%2Fv2%2Fcategories&post=39702"},{"taxonomy":"post_tag","embeddable":true,"href":"https:\/\/revistazetta.com\/index.php?rest_route=%2Fwp%2Fv2%2Ftags&post=39702"}],"curies":[{"name":"wp","href":"https:\/\/api.w.org\/{rel}","templated":true}]}}