{"id":40016,"date":"2021-04-28T17:38:26","date_gmt":"2021-04-28T22:38:26","guid":{"rendered":"https:\/\/revistazetta.com\/?p=40016"},"modified":"2021-04-28T17:48:18","modified_gmt":"2021-04-28T22:48:18","slug":"dau-y-la-marcha-ilogico-acomodado-o-embustero-o-todo-al-mismo-tiempo","status":"publish","type":"post","link":"https:\/\/revistazetta.com\/?p=40016","title":{"rendered":"Dau y la marcha: il\u00f3gico, acomodado o embustero\u2026 o todo al mismo tiempo"},"content":{"rendered":"<p><strong>Cartagena de Indias, 28 de abril 2021.-<\/strong> El alcalde de Cartagena invit\u00f3 el martes 27 de abril a la ciudadan\u00eda \u201ca abstenerse de realizar o participar en manifestaciones con el fin de preservar la vida de los ciudadanos ante el aumento de la Covid 19 en la ciudad\u201d.<\/p>\n<p>Pero contrariando su propio decir, el alcalde de Cartagena William Dau sali\u00f3 a marchar este mi\u00e9rcoles. Y lo justific\u00f3 diciendo que el fallo del Tribunal de Cundinamarca, que imped\u00eda el paro, era aberrante, y que prefer\u00eda manifestarse con el pueblo que preservar su salud.<\/p>\n<p>En declaraciones publicadas por el portal elbolivarense.com, Dau dijo que estaba en contra de la reforma tributaria del gobierno del presidente Iv\u00e1n Duque, el mismo gobierno al que le va a pedir recursos de toda \u00edndole para intentar solucionar los serios problemas de Cartagena, acrecentados bajo el desatinado gobierno de Dau.<\/p>\n","protected":false},"excerpt":{"rendered":"<p>Cartagena de Indias, 28 de abril 2021.- El alcalde de Cartagena invit\u00f3 el martes 27 de abril a la ciudadan\u00eda \u201ca abstenerse de realizar o participar en manifestaciones con el fin de preservar la vida de los ciudadanos ante el aumento de la Covid 19 en la ciudad\u201d. Pero contrariando su propio decir, el alcalde de Cartagena William Dau sali\u00f3 a marchar este mi\u00e9rcoles. Y lo justific\u00f3 diciendo que el fallo del Tribunal de Cundinamarca, que imped\u00eda el paro, era aberrante, y que prefer\u00eda manifestarse con el pueblo que preservar&#8230; <\/p>\n","protected":false},"author":3,"featured_media":40017,"comment_status":"closed","ping_status":"closed","sticky":false,"template":"","format":"standard","meta":{"footnotes":"","_links_to":"","_links_to_target":""},"categories":[4],"tags":[298],"class_list":["post-40016","post","type-post","status-publish","format-standard","has-post-thumbnail","hentry","category-politica","tag-politica"],"_links":{"self":[{"href":"https:\/\/revistazetta.com\/index.php?rest_route=\/wp\/v2\/posts\/40016","targetHints":{"allow":["GET"]}}],"collection":[{"href":"https:\/\/revistazetta.com\/index.php?rest_route=\/wp\/v2\/posts"}],"about":[{"href":"https:\/\/revistazetta.com\/index.php?rest_route=\/wp\/v2\/types\/post"}],"author":[{"embeddable":true,"href":"https:\/\/revistazetta.com\/index.php?rest_route=\/wp\/v2\/users\/3"}],"replies":[{"embeddable":true,"href":"https:\/\/revistazetta.com\/index.php?rest_route=%2Fwp%2Fv2%2Fcomments&post=40016"}],"version-history":[{"count":0,"href":"https:\/\/revistazetta.com\/index.php?rest_route=\/wp\/v2\/posts\/40016\/revisions"}],"wp:featuredmedia":[{"embeddable":true,"href":"https:\/\/revistazetta.com\/index.php?rest_route=\/wp\/v2\/media\/40017"}],"wp:attachment":[{"href":"https:\/\/revistazetta.com\/index.php?rest_route=%2Fwp%2Fv2%2Fmedia&parent=40016"}],"wp:term":[{"taxonomy":"category","embeddable":true,"href":"https:\/\/revistazetta.com\/index.php?rest_route=%2Fwp%2Fv2%2Fcategories&post=40016"},{"taxonomy":"post_tag","embeddable":true,"href":"https:\/\/revistazetta.com\/index.php?rest_route=%2Fwp%2Fv2%2Ftags&post=40016"}],"curies":[{"name":"wp","href":"https:\/\/api.w.org\/{rel}","templated":true}]}}