{"id":40021,"date":"2021-04-29T08:15:18","date_gmt":"2021-04-29T13:15:18","guid":{"rendered":"https:\/\/revistazetta.com\/?p=40021"},"modified":"2021-04-29T08:15:18","modified_gmt":"2021-04-29T13:15:18","slug":"dia-internacional-del-jazz-por-lo-alto-con-oscar-acevedo-y-justo-almario","status":"publish","type":"post","link":"https:\/\/revistazetta.com\/?p=40021","title":{"rendered":"D\u00eda Internacional del Jazz por lo alto, con Oscar Acevedo y Justo Almario"},"content":{"rendered":"<div class=\"page\" title=\"Page 1\">\n<div class=\"section\">\n<div class=\"layoutArea\">\n<div class=\"column\">\n<p><strong>Cartagena de Indias, 29 de abril de 2021.-<\/strong>\u00a0Con el conversatorio \u201c El jazz en Colombia\u201d de los maestros Oscar Acevedo y Justo Almario, la Fundaci\u00f3n Festival Voces del jazz celebra este viernes 30 de abril a las 5:00 de la tarde el D\u00eda Internacional del Jazz. El di\u00e1logo, que ser\u00e1 moderado por el director del Festival, Manuel Lozano Pineda, se transmitir\u00e1 por la plataforma Tropical Moon y el Facebook Live de Voces del jazz.<\/p>\n<p>Con la conducci\u00f3n de Manuel Lozano Pineda, los dos grandes maestros del jazz en Colombia, dialogar\u00e1n sobre lo que est\u00e1 pasando con el g\u00e9nero en el pa\u00eds, hacia d\u00f3nde va y cu\u00e1l es la tendencia de esta m\u00fasica que celebra este viernes el D\u00eda Internacional del jazz, fecha creada por la UNESCO en 2011 como un espacio para enaltecer el g\u00e9nero como motor para la paz, el di\u00e1logo y la comprensi\u00f3n mutua,<\/p>\n<p>El pianista Oscar Acevedo es m\u00fasico egresado de Berklee College of Music en 1.983, especializado en jazz y en composici\u00f3n para cine, teatro y televisi\u00f3n. Ha publicado varios discos y ha sido invitado a ofrecer conciertos en Europa, Asia y Am\u00e9rica. Ha realizado bandas sonoras para pel\u00edculas, documentales y programas de televisi\u00f3n nacionales y extranjeros. Es uno de los concertistas m\u00e1s destacados de jazz en Colombia, profesor de planta de la Universidad de los Andes y columnista de m\u00fasica para el diario El Tiempo.<\/p>\n<p>El saxofonista Justo Almario , de Sincelejo radicado en Estados Unidos, estudi\u00f3 en la Berklee College of Music, en Estados Unidos. Tuvo la oportunidad de estar con la bandas de Duke Ellington, Mongo Santamar\u00eda, Lucien, Frank Foster, Freddy Hubbard, Willy Bobo, Machito, Tito Puente, Carl Tjader y Poncho S\u00e1nchez- Actualmente es maestro en la Universidad de Los \u00c1ngeles (California), en la escuela de M\u00fasica, en el departamento de Jazz-<\/p>\n<p>Esta jornada tiene como objetivo sensibilizar al p\u00fablico general sobre las virtudes de la m\u00fasica jazz como herramienta educativa y como motor para la paz, la unidad, el di\u00e1logo y el refuerzo de la cooperaci\u00f3n entre pueblos. Gobiernos, organizaciones de la sociedad civil, instituciones educativas y ciudadanos particulares ya implicados en la promoci\u00f3n de la m\u00fasica jazz aprovechar\u00e1n esta oportunidad para fomentar la idea de que no se trata tan s\u00f3lo de un estilo de m\u00fasica, sino de que el jazz contribuye tambi\u00e9n a la construcci\u00f3n de sociedades m\u00e1s inclusivas.<\/p>\n<\/div>\n<\/div>\n<\/div>\n<\/div>\n","protected":false},"excerpt":{"rendered":"<p>Cartagena de Indias, 29 de abril de 2021.-\u00a0Con el conversatorio \u201c El jazz en Colombia\u201d de los maestros Oscar Acevedo y Justo Almario, la Fundaci\u00f3n Festival Voces del jazz celebra este viernes 30 de abril a las 5:00 de la tarde el D\u00eda Internacional del Jazz. El di\u00e1logo, que ser\u00e1 moderado por el director del Festival, Manuel Lozano Pineda, se transmitir\u00e1 por la plataforma Tropical Moon y el Facebook Live de Voces del jazz. Con la conducci\u00f3n de Manuel Lozano Pineda, los dos grandes maestros del jazz en Colombia, dialogar\u00e1n&#8230; <\/p>\n","protected":false},"author":3,"featured_media":40022,"comment_status":"closed","ping_status":"closed","sticky":false,"template":"","format":"standard","meta":{"footnotes":"","_links_to":"","_links_to_target":""},"categories":[41,43],"tags":[290,304],"class_list":["post-40021","post","type-post","status-publish","format-standard","has-post-thumbnail","hentry","category-cultura","category-cultura-musica","tag-cultura","tag-musica"],"_links":{"self":[{"href":"https:\/\/revistazetta.com\/index.php?rest_route=\/wp\/v2\/posts\/40021","targetHints":{"allow":["GET"]}}],"collection":[{"href":"https:\/\/revistazetta.com\/index.php?rest_route=\/wp\/v2\/posts"}],"about":[{"href":"https:\/\/revistazetta.com\/index.php?rest_route=\/wp\/v2\/types\/post"}],"author":[{"embeddable":true,"href":"https:\/\/revistazetta.com\/index.php?rest_route=\/wp\/v2\/users\/3"}],"replies":[{"embeddable":true,"href":"https:\/\/revistazetta.com\/index.php?rest_route=%2Fwp%2Fv2%2Fcomments&post=40021"}],"version-history":[{"count":0,"href":"https:\/\/revistazetta.com\/index.php?rest_route=\/wp\/v2\/posts\/40021\/revisions"}],"wp:featuredmedia":[{"embeddable":true,"href":"https:\/\/revistazetta.com\/index.php?rest_route=\/wp\/v2\/media\/40022"}],"wp:attachment":[{"href":"https:\/\/revistazetta.com\/index.php?rest_route=%2Fwp%2Fv2%2Fmedia&parent=40021"}],"wp:term":[{"taxonomy":"category","embeddable":true,"href":"https:\/\/revistazetta.com\/index.php?rest_route=%2Fwp%2Fv2%2Fcategories&post=40021"},{"taxonomy":"post_tag","embeddable":true,"href":"https:\/\/revistazetta.com\/index.php?rest_route=%2Fwp%2Fv2%2Ftags&post=40021"}],"curies":[{"name":"wp","href":"https:\/\/api.w.org\/{rel}","templated":true}]}}