{"id":4022,"date":"2014-12-30T20:06:45","date_gmt":"2014-12-31T01:06:45","guid":{"rendered":"http:\/\/www.revistazetta.com\/?p=4022"},"modified":"2014-12-30T20:06:45","modified_gmt":"2014-12-31T01:06:45","slug":"esta-es-la-otra-cara-de-papa","status":"publish","type":"post","link":"https:\/\/revistazetta.com\/?p=4022","title":{"rendered":"Esta es la \u201cotra cara de papa\u201d"},"content":{"rendered":"<p>En el controvertido error de pie de foto de la revista del Concejo de Cartagena, la \u201cotra cara de papa\u201d es Clara In\u00e9s Sagre Hern\u00e1ndez, secretaria de Educaci\u00f3n, seg\u00fan esta foto original de los archivos de prensa de la entidad y publicada en nuestra galer\u00eda fotogr\u00e1fica (<a href=\"https:\/\/www.revistazetta.com\/?p=3727\">https:\/\/www.revistazetta.com\/?p=3727<\/a>)<\/p>\n<p>La foto fue tomada el Once de Noviembre, en la sesi\u00f3n solemne del Concejo de Cartagena.<\/p>\n<p>No se trata de la secretaria de Participaci\u00f3n, Roc\u00edo Castillo, quien as\u00ed lo dedujo por el parecido del peinado de una mujer que se observa en el borde de la foto.<\/p>\n<p>El error de edici\u00f3n dice as\u00ed: \u201cMarta Rodr\u00edguez, directora del Dadis, la concejal Duvinia Torres y la primera dama del Distrito, Mar\u00eda Victoria Maldonado. sacas a la otra cara de papa\u201d<\/p>\n<p>Este tipo de errores ning\u00fan editor lo desea, pues todo un trabajo de primer\u00edsima calidad se ve empa\u00f1ado por un detalle que termina siendo el m\u00e1s comentado. La publicaci\u00f3n del Concejo es de excelente contenido, dise\u00f1o y producci\u00f3n, pero este gazapo la ha eclipsado. La Mesa Directiva del Concejo, presidida por Vicente Blel Scaff, no tuvo la grandeza de ofrecer excusas y prefiri\u00f3 abandonar a su suerte al editor al se\u00f1alar que \u00abFue un error involuntario en el que la mesa directiva del Concejo no tiene nada que ver\u00bb. Blel Scaff fue negligente al no revisar toda la revista y es el responsable de toda la publicaci\u00f3n como Presidente del Concejo, as\u00ed el error directamente recaiga en el equipo de producci\u00f3n. As\u00ed como la Mesa Directiva pos\u00f3 para la portada, debi\u00f3 asumir su responsabilidad en este penoso episodio de contraportada.<\/p>\n","protected":false},"excerpt":{"rendered":"<p>En el controvertido error de pie de foto de la revista del Concejo de Cartagena, la \u201cotra cara de papa\u201d es Clara In\u00e9s Sagre Hern\u00e1ndez, secretaria de Educaci\u00f3n, seg\u00fan esta foto original de los archivos de prensa de la entidad y publicada en nuestra galer\u00eda fotogr\u00e1fica (https:\/\/www.revistazetta.com\/?p=3727) La foto fue tomada el Once de Noviembre, en la sesi\u00f3n solemne del Concejo de Cartagena. No se trata de la secretaria de Participaci\u00f3n, Roc\u00edo Castillo, quien as\u00ed lo dedujo por el parecido del peinado de una mujer que se observa en el&#8230; <\/p>\n","protected":false},"author":3,"featured_media":4024,"comment_status":"closed","ping_status":"closed","sticky":false,"template":"","format":"standard","meta":{"footnotes":"","_links_to":"","_links_to_target":""},"categories":[27,4],"tags":[],"class_list":["post-4022","post","type-post","status-publish","format-standard","has-post-thumbnail","hentry","category-politicaconcejo","category-politica"],"_links":{"self":[{"href":"https:\/\/revistazetta.com\/index.php?rest_route=\/wp\/v2\/posts\/4022","targetHints":{"allow":["GET"]}}],"collection":[{"href":"https:\/\/revistazetta.com\/index.php?rest_route=\/wp\/v2\/posts"}],"about":[{"href":"https:\/\/revistazetta.com\/index.php?rest_route=\/wp\/v2\/types\/post"}],"author":[{"embeddable":true,"href":"https:\/\/revistazetta.com\/index.php?rest_route=\/wp\/v2\/users\/3"}],"replies":[{"embeddable":true,"href":"https:\/\/revistazetta.com\/index.php?rest_route=%2Fwp%2Fv2%2Fcomments&post=4022"}],"version-history":[{"count":0,"href":"https:\/\/revistazetta.com\/index.php?rest_route=\/wp\/v2\/posts\/4022\/revisions"}],"wp:featuredmedia":[{"embeddable":true,"href":"https:\/\/revistazetta.com\/index.php?rest_route=\/wp\/v2\/media\/4024"}],"wp:attachment":[{"href":"https:\/\/revistazetta.com\/index.php?rest_route=%2Fwp%2Fv2%2Fmedia&parent=4022"}],"wp:term":[{"taxonomy":"category","embeddable":true,"href":"https:\/\/revistazetta.com\/index.php?rest_route=%2Fwp%2Fv2%2Fcategories&post=4022"},{"taxonomy":"post_tag","embeddable":true,"href":"https:\/\/revistazetta.com\/index.php?rest_route=%2Fwp%2Fv2%2Ftags&post=4022"}],"curies":[{"name":"wp","href":"https:\/\/api.w.org\/{rel}","templated":true}]}}