{"id":40282,"date":"2021-05-21T16:24:22","date_gmt":"2021-05-21T21:24:22","guid":{"rendered":"https:\/\/revistazetta.com\/?p=40282"},"modified":"2021-05-21T16:24:32","modified_gmt":"2021-05-21T21:24:32","slug":"cultivadores-de-ajonjoli-en-bolivar-de-los-mas-beneficiados-con-ley-de-estimulo-a-su-cadena-productiva","status":"publish","type":"post","link":"https:\/\/revistazetta.com\/?p=40282","title":{"rendered":"Cultivadores de ajonjol\u00ed en Bol\u00edvar, de los m\u00e1s beneficiados con ley de est\u00edmulo a su cadena productiva"},"content":{"rendered":"<div class=\"page\" title=\"Page 1\">\n<div class=\"layoutArea\">\n<div class=\"column\">\n<p><strong>Bogot\u00e1, 21 de mayo 2021.-<\/strong> En sesi\u00f3n de la Comisi\u00f3n Quinta de la C\u00e1mara de Representantes fue aprobada por unanimidad, en su primer debate, el Proyecto de Ley 520\/2021 por medio de la cual se crea la pol\u00edtica nacional de est\u00edmulo a la cadena productiva del ajonjol\u00ed y se dictan otras disposiciones.<\/p>\n<p>Con la aprobaci\u00f3n de este proyecto se inicia el camino por crear una pol\u00edtica p\u00fablica de apoyo a todo el sector productivo asociado a la producci\u00f3n y transformaci\u00f3n del ajonjol\u00ed, donde los m\u00e1s beneficiados ser\u00e1n los peque\u00f1os y medianos productores agropecuarios.<\/p>\n<p>En palabras de la Representante a la C\u00e1mara Karen Cure \u201ceste es un proyecto que beneficiar\u00e1 a los m\u00e1s necesitados, a quienes hacen que este sea un pa\u00eds mejor, a los campesinos v\u00edctimas del conflicto armado; porque si apoyamos a los campesinos, Colombia ser\u00e1 un pa\u00eds mejor\u201d.<\/p>\n<p>Con este proyecto se obliga al Gobierno Nacional a crear una Pol\u00edtica P\u00fablica que contemple la asistencia t\u00e9cnica, el financiamiento, apoyos y est\u00edmulos para sembrar, procesar, transformar y comercializar ajonjol\u00ed.<\/p>\n<p>La ley crea un Fondo especial para el apoyo econ\u00f3mico y financiero de los peque\u00f1os y medianos productores. As\u00ed como, permite crear incentivos y apoyos adicionales, para apoyar este sector agr\u00edcola.<\/p>\n<p>El agro colombiano cuenta con la Representante Karen Cure para hacer de Colombia un pa\u00eds mejor, porque sabemos que es posible.<\/p>\n<\/div>\n<\/div>\n<\/div>\n","protected":false},"excerpt":{"rendered":"<p>Bogot\u00e1, 21 de mayo 2021.- En sesi\u00f3n de la Comisi\u00f3n Quinta de la C\u00e1mara de Representantes fue aprobada por unanimidad, en su primer debate, el Proyecto de Ley 520\/2021 por medio de la cual se crea la pol\u00edtica nacional de est\u00edmulo a la cadena productiva del ajonjol\u00ed y se dictan otras disposiciones. Con la aprobaci\u00f3n de este proyecto se inicia el camino por crear una pol\u00edtica p\u00fablica de apoyo a todo el sector productivo asociado a la producci\u00f3n y transformaci\u00f3n del ajonjol\u00ed, donde los m\u00e1s beneficiados ser\u00e1n los peque\u00f1os y&#8230; <\/p>\n","protected":false},"author":3,"featured_media":40283,"comment_status":"closed","ping_status":"closed","sticky":false,"template":"","format":"standard","meta":{"footnotes":"","_links_to":"","_links_to_target":""},"categories":[336,4],"tags":[338,298],"class_list":["post-40282","post","type-post","status-publish","format-standard","has-post-thumbnail","hentry","category-camara-de-representantes","category-politica","tag-camara-de-representantes","tag-politica"],"_links":{"self":[{"href":"https:\/\/revistazetta.com\/index.php?rest_route=\/wp\/v2\/posts\/40282","targetHints":{"allow":["GET"]}}],"collection":[{"href":"https:\/\/revistazetta.com\/index.php?rest_route=\/wp\/v2\/posts"}],"about":[{"href":"https:\/\/revistazetta.com\/index.php?rest_route=\/wp\/v2\/types\/post"}],"author":[{"embeddable":true,"href":"https:\/\/revistazetta.com\/index.php?rest_route=\/wp\/v2\/users\/3"}],"replies":[{"embeddable":true,"href":"https:\/\/revistazetta.com\/index.php?rest_route=%2Fwp%2Fv2%2Fcomments&post=40282"}],"version-history":[{"count":0,"href":"https:\/\/revistazetta.com\/index.php?rest_route=\/wp\/v2\/posts\/40282\/revisions"}],"wp:featuredmedia":[{"embeddable":true,"href":"https:\/\/revistazetta.com\/index.php?rest_route=\/wp\/v2\/media\/40283"}],"wp:attachment":[{"href":"https:\/\/revistazetta.com\/index.php?rest_route=%2Fwp%2Fv2%2Fmedia&parent=40282"}],"wp:term":[{"taxonomy":"category","embeddable":true,"href":"https:\/\/revistazetta.com\/index.php?rest_route=%2Fwp%2Fv2%2Fcategories&post=40282"},{"taxonomy":"post_tag","embeddable":true,"href":"https:\/\/revistazetta.com\/index.php?rest_route=%2Fwp%2Fv2%2Ftags&post=40282"}],"curies":[{"name":"wp","href":"https:\/\/api.w.org\/{rel}","templated":true}]}}