{"id":40519,"date":"2021-06-03T10:31:12","date_gmt":"2021-06-03T15:31:12","guid":{"rendered":"https:\/\/revistazetta.com\/?p=40519"},"modified":"2021-06-03T10:31:12","modified_gmt":"2021-06-03T15:31:12","slug":"margarita-da-ejemplo-de-politica-cultural-y-estrena-escuela-de-musica","status":"publish","type":"post","link":"https:\/\/revistazetta.com\/?p=40519","title":{"rendered":"Margarita da ejemplo de pol\u00edtica cultural y estrena Escuela de M\u00fasica"},"content":{"rendered":"<blockquote><p><em>Para la Gobernaci\u00f3n de Bol\u00edvar, el Instituto de Cultura y Turismo ICULTUR, El Ministerio de Cultura y la Alcald\u00eda de Margarita es de gran importancia esta noticia, debido a que desde 2013 no se hab\u00eda logrado formalizar ninguna otra escuela de m\u00fasica en el departamento.<\/em><\/p>\n<p><em>La Gobernaci\u00f3n de Bol\u00edvar a trav\u00e9s de ICULTUR puso a disposici\u00f3n del departamento un \u00e1rea de coordinaci\u00f3n de escuelas para formalizar todas las escuelas de Bolivar y lograr que las que no est\u00e9n funcionando puedan hacerlo de manera adecuada y de esta forma trabajar articuladamente con el Ministerio de Cultura.<\/em><\/p>\n<p><img loading=\"lazy\" decoding=\"async\" class=\"size-medium wp-image-40521 aligncenter\" src=\"https:\/\/revistazetta.com\/wp-content\/uploads\/2021\/06\/WhatsApp-Image-2021-06-03-at-9.05.51-AM-400x267.jpeg\" alt=\"\" width=\"400\" height=\"267\" srcset=\"https:\/\/revistazetta.com\/wp-content\/uploads\/2021\/06\/WhatsApp-Image-2021-06-03-at-9.05.51-AM-400x267.jpeg 400w, https:\/\/revistazetta.com\/wp-content\/uploads\/2021\/06\/WhatsApp-Image-2021-06-03-at-9.05.51-AM.jpeg 885w\" sizes=\"auto, (max-width: 400px) 100vw, 400px\" \/><\/p><\/blockquote>\n<p><strong>Margarita, jueves 3 de junio 2021.<\/strong> La m\u00fasica bolivarense resuena de alegr\u00eda con una gran noticia que llena de ilusi\u00f3n y alimenta los sue\u00f1os de las nuevas generaciones de m\u00fasicos en el departamento. Para la Gobernaci\u00f3n de Bol\u00edvar a trav\u00e9s del Instituto de Cultura y Turismo ICULTUR es gratificante informar que la Escuela de Formaci\u00f3n Art\u00edstica Cultural de M\u00fasica Uriel Bandera Castellano de Margarita, Bol\u00edvar entra a sumar en las m\u00e1s de 1.000 escuelas de m\u00fasica creadas en el pa\u00eds.<\/p>\n<p>La Escuela de formaci\u00f3n art\u00edstica cultural de m\u00fasica Uriel Bandera Castellano de Margarita se convierte en la numero 1.046 en el pa\u00eds y pretende cumplir con la pol\u00edtica del Plan Nacional de M\u00fasica para la Convivencia la cual se\u00f1ala que \u00abCon el fin de garantizar la sostenibilidad de las Escuelas, se promueve su creaci\u00f3n por acuerdo municipal y su integraci\u00f3n a los planes de desarrollo cultural municipal y departamental, la elaboraci\u00f3n de programas locales de formaci\u00f3n, la actualizaci\u00f3n formativa, la contrataci\u00f3n continua de los m\u00fasicos docentes, la dotaci\u00f3n de instrumentos musicales y materiales pedag\u00f3gicos, la asignaci\u00f3n de una sede propia y la organizaci\u00f3n comunitaria en torno al proceso de la escuela\u201d.<\/p>\n<p>\u00abEs una noticia que nos llena de much\u00edsima alegr\u00eda porque es un paso m\u00e1s para que las nuevas generaciones de m\u00fasicos en los distintos municipios cuenten con los medios necesarios para crecer en estas escuelas de m\u00fasica. Ponemos todo nuestro capital humano a disposici\u00f3n para que se formalicen todas las escuelas de m\u00fasica en Bol\u00edvar\u00bb afirm\u00f3 Iv\u00e1n Sanes Director del Instituto de Cultura y Turismo ICULTUR.<\/p>\n<p><img loading=\"lazy\" decoding=\"async\" class=\"size-medium wp-image-40522 aligncenter\" src=\"https:\/\/revistazetta.com\/wp-content\/uploads\/2021\/06\/WhatsApp-Image-2021-06-03-at-9.05.54-AM-400x267.jpeg\" alt=\"\" width=\"400\" height=\"267\" srcset=\"https:\/\/revistazetta.com\/wp-content\/uploads\/2021\/06\/WhatsApp-Image-2021-06-03-at-9.05.54-AM-400x267.jpeg 400w, https:\/\/revistazetta.com\/wp-content\/uploads\/2021\/06\/WhatsApp-Image-2021-06-03-at-9.05.54-AM.jpeg 824w\" sizes=\"auto, (max-width: 400px) 100vw, 400px\" \/><\/p>\n<p><strong>Un legado<\/strong><\/p>\n<p>Este espacio de formaci\u00f3n musical, enaltece el legado del gestor cultural Uriel Bandera Castellano (Q.E.P.D) , quien desde temprana edad hasta el \u00faltimo de sus d\u00edas, se radic\u00f3 en el corregimiento de Chilloa en el Municipio de Margarita, en donde inici\u00f3 su incursi\u00f3n en la vida musical, abri\u00e9ndose espacio y ganando reconocimiento por toda la Regi\u00f3n Caribe, con sus m\u00e1s de 30 composiciones, entre las que se destac\u00f3 &#8216;La Raya&#8217;, \u201cLa custodia de Chilloa\u201d entre otras.<\/p>\n<p>Gracias a esta formalizaci\u00f3n el municipio de Margarita, Bol\u00edvar queda facultado ante el Ministerio de Cultura y ante otras entidades para que su escuela de m\u00fasica pueda participar en las diferentes convocatorias, proyectos de dotaci\u00f3n, infraestructura, circulaci\u00f3n, investigaci\u00f3n, producci\u00f3n, creaci\u00f3n etc.<\/p>\n<p>A trav\u00e9s de la puesta en marcha y creaci\u00f3n de una Escuela Musical en Margarita, se fortalecen las pr\u00e1cticas colectivas de m\u00fasicas populares tradicionales, bandas, coros y orquestas sinf\u00f3nicas infantiles y juveniles, que se convertir\u00e1n en la semilla de continuidad de las expresiones culturales y art\u00edsticas, conservando la m\u00fasica tradicional y aut\u00f3ctona del departamento de Bol\u00edvar.<\/p>\n<p><img loading=\"lazy\" decoding=\"async\" class=\"size-medium wp-image-40520 aligncenter\" src=\"https:\/\/revistazetta.com\/wp-content\/uploads\/2021\/06\/WhatsApp-Image-2021-06-03-at-9.05.51-AM-1-400x267.jpeg\" alt=\"\" width=\"400\" height=\"267\" srcset=\"https:\/\/revistazetta.com\/wp-content\/uploads\/2021\/06\/WhatsApp-Image-2021-06-03-at-9.05.51-AM-1-400x267.jpeg 400w, https:\/\/revistazetta.com\/wp-content\/uploads\/2021\/06\/WhatsApp-Image-2021-06-03-at-9.05.51-AM-1-1024x683.jpeg 1024w, https:\/\/revistazetta.com\/wp-content\/uploads\/2021\/06\/WhatsApp-Image-2021-06-03-at-9.05.51-AM-1.jpeg 1071w\" sizes=\"auto, (max-width: 400px) 100vw, 400px\" \/><\/p>\n","protected":false},"excerpt":{"rendered":"<p>Para la Gobernaci\u00f3n de Bol\u00edvar, el Instituto de Cultura y Turismo ICULTUR, El Ministerio de Cultura y la Alcald\u00eda de Margarita es de gran importancia esta noticia, debido a que desde 2013 no se hab\u00eda logrado formalizar ninguna otra escuela de m\u00fasica en el departamento. La Gobernaci\u00f3n de Bol\u00edvar a trav\u00e9s de ICULTUR puso a disposici\u00f3n del departamento un \u00e1rea de coordinaci\u00f3n de escuelas para formalizar todas las escuelas de Bolivar y lograr que las que no est\u00e9n funcionando puedan hacerlo de manera adecuada y de esta forma trabajar articuladamente&#8230; <\/p>\n","protected":false},"author":3,"featured_media":40523,"comment_status":"closed","ping_status":"closed","sticky":false,"template":"","format":"standard","meta":{"footnotes":"","_links_to":"","_links_to_target":""},"categories":[41,75,43],"tags":[290,285,304],"class_list":["post-40519","post","type-post","status-publish","format-standard","has-post-thumbnail","hentry","category-cultura","category-destacada","category-cultura-musica","tag-cultura","tag-destacada","tag-musica"],"_links":{"self":[{"href":"https:\/\/revistazetta.com\/index.php?rest_route=\/wp\/v2\/posts\/40519","targetHints":{"allow":["GET"]}}],"collection":[{"href":"https:\/\/revistazetta.com\/index.php?rest_route=\/wp\/v2\/posts"}],"about":[{"href":"https:\/\/revistazetta.com\/index.php?rest_route=\/wp\/v2\/types\/post"}],"author":[{"embeddable":true,"href":"https:\/\/revistazetta.com\/index.php?rest_route=\/wp\/v2\/users\/3"}],"replies":[{"embeddable":true,"href":"https:\/\/revistazetta.com\/index.php?rest_route=%2Fwp%2Fv2%2Fcomments&post=40519"}],"version-history":[{"count":0,"href":"https:\/\/revistazetta.com\/index.php?rest_route=\/wp\/v2\/posts\/40519\/revisions"}],"wp:featuredmedia":[{"embeddable":true,"href":"https:\/\/revistazetta.com\/index.php?rest_route=\/wp\/v2\/media\/40523"}],"wp:attachment":[{"href":"https:\/\/revistazetta.com\/index.php?rest_route=%2Fwp%2Fv2%2Fmedia&parent=40519"}],"wp:term":[{"taxonomy":"category","embeddable":true,"href":"https:\/\/revistazetta.com\/index.php?rest_route=%2Fwp%2Fv2%2Fcategories&post=40519"},{"taxonomy":"post_tag","embeddable":true,"href":"https:\/\/revistazetta.com\/index.php?rest_route=%2Fwp%2Fv2%2Ftags&post=40519"}],"curies":[{"name":"wp","href":"https:\/\/api.w.org\/{rel}","templated":true}]}}