{"id":40524,"date":"2021-06-03T16:20:48","date_gmt":"2021-06-03T21:20:48","guid":{"rendered":"https:\/\/revistazetta.com\/?p=40524"},"modified":"2021-06-03T16:20:48","modified_gmt":"2021-06-03T21:20:48","slug":"el-karate-llego-a-colombia-hace-50-anos-y-cartagena-es-su-casa","status":"publish","type":"post","link":"https:\/\/revistazetta.com\/?p=40524","title":{"rendered":"El Karate lleg\u00f3 a Colombia hace 50 a\u00f1os y Cartagena es su casa"},"content":{"rendered":"<p><strong>Cartagena de Indias, 3 de junio 2021.-<\/strong> Cartagena de Indias ser\u00e1 el epicentro de la celebraci\u00f3n de la llegada del Karate a Colombia, con la \u201cCopa 50 A\u00f1os\u201d, campeonato organizado por Ascok -Asociaci\u00f3n Colombiana de Karate-.<\/p>\n<p><img loading=\"lazy\" decoding=\"async\" class=\"size-medium wp-image-40530 aligncenter\" src=\"https:\/\/revistazetta.com\/wp-content\/uploads\/2021\/06\/WhatsApp-Image-2021-06-03-at-7.22.03-AM-1-400x267.jpeg\" alt=\"\" width=\"400\" height=\"267\" srcset=\"https:\/\/revistazetta.com\/wp-content\/uploads\/2021\/06\/WhatsApp-Image-2021-06-03-at-7.22.03-AM-1-400x267.jpeg 400w, https:\/\/revistazetta.com\/wp-content\/uploads\/2021\/06\/WhatsApp-Image-2021-06-03-at-7.22.03-AM-1-1024x682.jpeg 1024w, https:\/\/revistazetta.com\/wp-content\/uploads\/2021\/06\/WhatsApp-Image-2021-06-03-at-7.22.03-AM-1.jpeg 1280w\" sizes=\"auto, (max-width: 400px) 100vw, 400px\" \/><\/p>\n<p>Para impulsar la organizaci\u00f3n de ese evento, lleg\u00f3 a la ciudad uno de los karatekas m\u00e1s importantes del mundo, el instructor japon\u00e9s Hiroshi Taninocuchi, Cintur\u00f3n Negro S\u00e9ptimo Dan, quien imparti\u00f3 una clase a la directora del Ider, Viviana Londo\u00f1o, y le hizo un reconocimiento<span class=\"Apple-converted-space\">\u00a0 <\/span>por su liderazgo deportivo.<\/p>\n<p>El destacado instructor japon\u00e9s dirigi\u00f3 un entrenamiento en las instalaciones del Centro Comercial Portal de San Felipe.<\/p>\n<p>En el entrenamiento, registrado este mi\u00e9rcoles, estuvieron presentes:<\/p>\n<p>El Shijan Javier Pareja Recueros, Cintur\u00f3n Negro Quinto Dan<\/p>\n<p>Sensei Isabel Tomasoni, Cintur\u00f3n Negro Cuarto Dan<\/p>\n<p>Sensei<span class=\"Apple-converted-space\">\u00a0 <\/span>Jos\u00e9<span class=\"Apple-converted-space\">\u00a0 <\/span>Salom, Cintur\u00f3n Negro<span class=\"Apple-converted-space\">\u00a0 <\/span>Cuarto Dan<\/p>\n<p>Sensei Efra\u00edn Ram\u00edrez Barakat, Cintur\u00f3n Negro Tercer Dan<\/p>\n<p>Horacio Pareja, Cintur\u00f3n Negro Primer Dan<\/p>\n<p><img loading=\"lazy\" decoding=\"async\" class=\"alignnone size-medium wp-image-40528\" src=\"https:\/\/revistazetta.com\/wp-content\/uploads\/2021\/06\/WhatsApp-Image-2021-06-03-at-7.22.02-AM-2-400x267.jpeg\" alt=\"\" width=\"400\" height=\"267\" srcset=\"https:\/\/revistazetta.com\/wp-content\/uploads\/2021\/06\/WhatsApp-Image-2021-06-03-at-7.22.02-AM-2-400x267.jpeg 400w, https:\/\/revistazetta.com\/wp-content\/uploads\/2021\/06\/WhatsApp-Image-2021-06-03-at-7.22.02-AM-2-1024x683.jpeg 1024w, https:\/\/revistazetta.com\/wp-content\/uploads\/2021\/06\/WhatsApp-Image-2021-06-03-at-7.22.02-AM-2.jpeg 1280w\" sizes=\"auto, (max-width: 400px) 100vw, 400px\" \/> <img loading=\"lazy\" decoding=\"async\" class=\"alignnone size-medium wp-image-40527\" src=\"https:\/\/revistazetta.com\/wp-content\/uploads\/2021\/06\/WhatsApp-Image-2021-06-03-at-7.22.02-AM-1-400x267.jpeg\" alt=\"\" width=\"400\" height=\"267\" srcset=\"https:\/\/revistazetta.com\/wp-content\/uploads\/2021\/06\/WhatsApp-Image-2021-06-03-at-7.22.02-AM-1-400x267.jpeg 400w, https:\/\/revistazetta.com\/wp-content\/uploads\/2021\/06\/WhatsApp-Image-2021-06-03-at-7.22.02-AM-1-1024x683.jpeg 1024w, https:\/\/revistazetta.com\/wp-content\/uploads\/2021\/06\/WhatsApp-Image-2021-06-03-at-7.22.02-AM-1.jpeg 1280w\" sizes=\"auto, (max-width: 400px) 100vw, 400px\" \/> <img loading=\"lazy\" decoding=\"async\" class=\"alignnone size-medium wp-image-40526\" src=\"https:\/\/revistazetta.com\/wp-content\/uploads\/2021\/06\/WhatsApp-Image-2021-06-03-at-7.22.01-AM-400x267.jpeg\" alt=\"\" width=\"400\" height=\"267\" srcset=\"https:\/\/revistazetta.com\/wp-content\/uploads\/2021\/06\/WhatsApp-Image-2021-06-03-at-7.22.01-AM-400x267.jpeg 400w, https:\/\/revistazetta.com\/wp-content\/uploads\/2021\/06\/WhatsApp-Image-2021-06-03-at-7.22.01-AM-1024x683.jpeg 1024w, https:\/\/revistazetta.com\/wp-content\/uploads\/2021\/06\/WhatsApp-Image-2021-06-03-at-7.22.01-AM.jpeg 1280w\" sizes=\"auto, (max-width: 400px) 100vw, 400px\" \/> <img loading=\"lazy\" decoding=\"async\" class=\"alignnone size-medium wp-image-40532\" src=\"https:\/\/revistazetta.com\/wp-content\/uploads\/2021\/06\/WhatsApp-Image-2021-06-03-at-7.22.03-AM-3-400x267.jpeg\" alt=\"\" width=\"400\" height=\"267\" srcset=\"https:\/\/revistazetta.com\/wp-content\/uploads\/2021\/06\/WhatsApp-Image-2021-06-03-at-7.22.03-AM-3-400x267.jpeg 400w, https:\/\/revistazetta.com\/wp-content\/uploads\/2021\/06\/WhatsApp-Image-2021-06-03-at-7.22.03-AM-3-1024x683.jpeg 1024w, https:\/\/revistazetta.com\/wp-content\/uploads\/2021\/06\/WhatsApp-Image-2021-06-03-at-7.22.03-AM-3.jpeg 1280w\" sizes=\"auto, (max-width: 400px) 100vw, 400px\" \/> <img loading=\"lazy\" decoding=\"async\" class=\"alignnone size-medium wp-image-40531\" src=\"https:\/\/revistazetta.com\/wp-content\/uploads\/2021\/06\/WhatsApp-Image-2021-06-03-at-7.22.03-AM-2-400x267.jpeg\" alt=\"\" width=\"400\" height=\"267\" srcset=\"https:\/\/revistazetta.com\/wp-content\/uploads\/2021\/06\/WhatsApp-Image-2021-06-03-at-7.22.03-AM-2-400x267.jpeg 400w, https:\/\/revistazetta.com\/wp-content\/uploads\/2021\/06\/WhatsApp-Image-2021-06-03-at-7.22.03-AM-2-1024x683.jpeg 1024w, https:\/\/revistazetta.com\/wp-content\/uploads\/2021\/06\/WhatsApp-Image-2021-06-03-at-7.22.03-AM-2.jpeg 1280w\" sizes=\"auto, (max-width: 400px) 100vw, 400px\" \/> \u00a0<img loading=\"lazy\" decoding=\"async\" class=\"alignnone size-medium wp-image-40529\" src=\"https:\/\/revistazetta.com\/wp-content\/uploads\/2021\/06\/WhatsApp-Image-2021-06-03-at-7.22.02-AM-400x267.jpeg\" alt=\"\" width=\"400\" height=\"267\" srcset=\"https:\/\/revistazetta.com\/wp-content\/uploads\/2021\/06\/WhatsApp-Image-2021-06-03-at-7.22.02-AM-400x267.jpeg 400w, https:\/\/revistazetta.com\/wp-content\/uploads\/2021\/06\/WhatsApp-Image-2021-06-03-at-7.22.02-AM-1024x683.jpeg 1024w, https:\/\/revistazetta.com\/wp-content\/uploads\/2021\/06\/WhatsApp-Image-2021-06-03-at-7.22.02-AM.jpeg 1280w\" sizes=\"auto, (max-width: 400px) 100vw, 400px\" \/><\/p>\n","protected":false},"excerpt":{"rendered":"<p>Cartagena de Indias, 3 de junio 2021.- Cartagena de Indias ser\u00e1 el epicentro de la celebraci\u00f3n de la llegada del Karate a Colombia, con la \u201cCopa 50 A\u00f1os\u201d, campeonato organizado por Ascok -Asociaci\u00f3n Colombiana de Karate-. Para impulsar la organizaci\u00f3n de ese evento, lleg\u00f3 a la ciudad uno de los karatekas m\u00e1s importantes del mundo, el instructor japon\u00e9s Hiroshi Taninocuchi, Cintur\u00f3n Negro S\u00e9ptimo Dan, quien imparti\u00f3 una clase a la directora del Ider, Viviana Londo\u00f1o, y le hizo un reconocimiento\u00a0 por su liderazgo deportivo. El destacado instructor japon\u00e9s dirigi\u00f3 un&#8230; <\/p>\n","protected":false},"author":3,"featured_media":40535,"comment_status":"closed","ping_status":"closed","sticky":false,"template":"","format":"standard","meta":{"footnotes":"","_links_to":"","_links_to_target":""},"categories":[53,89],"tags":[308,315],"class_list":["post-40524","post","type-post","status-publish","format-standard","has-post-thumbnail","hentry","category-deportes","category-ider","tag-deportes","tag-ider"],"_links":{"self":[{"href":"https:\/\/revistazetta.com\/index.php?rest_route=\/wp\/v2\/posts\/40524","targetHints":{"allow":["GET"]}}],"collection":[{"href":"https:\/\/revistazetta.com\/index.php?rest_route=\/wp\/v2\/posts"}],"about":[{"href":"https:\/\/revistazetta.com\/index.php?rest_route=\/wp\/v2\/types\/post"}],"author":[{"embeddable":true,"href":"https:\/\/revistazetta.com\/index.php?rest_route=\/wp\/v2\/users\/3"}],"replies":[{"embeddable":true,"href":"https:\/\/revistazetta.com\/index.php?rest_route=%2Fwp%2Fv2%2Fcomments&post=40524"}],"version-history":[{"count":0,"href":"https:\/\/revistazetta.com\/index.php?rest_route=\/wp\/v2\/posts\/40524\/revisions"}],"wp:featuredmedia":[{"embeddable":true,"href":"https:\/\/revistazetta.com\/index.php?rest_route=\/wp\/v2\/media\/40535"}],"wp:attachment":[{"href":"https:\/\/revistazetta.com\/index.php?rest_route=%2Fwp%2Fv2%2Fmedia&parent=40524"}],"wp:term":[{"taxonomy":"category","embeddable":true,"href":"https:\/\/revistazetta.com\/index.php?rest_route=%2Fwp%2Fv2%2Fcategories&post=40524"},{"taxonomy":"post_tag","embeddable":true,"href":"https:\/\/revistazetta.com\/index.php?rest_route=%2Fwp%2Fv2%2Ftags&post=40524"}],"curies":[{"name":"wp","href":"https:\/\/api.w.org\/{rel}","templated":true}]}}